{"id":203,"date":"2007-05-02T09:49:34","date_gmt":"2007-05-02T08:49:34","guid":{"rendered":"https:\/\/www.cestanahoru.org\/?p=203"},"modified":"2007-05-02T09:49:34","modified_gmt":"2007-05-02T08:49:34","slug":"ars-poetica-2007","status":"publish","type":"post","link":"https:\/\/www.cestanahoru.org\/?p=203","title":{"rendered":"Ars poetica 2007"},"content":{"rendered":"<p>aneb Duchovn\u00ed cesta b\u00e1sn\u00edkova.<\/p>\n<p>Liter\u00e1rn\u00ed a v\u00fdtvarn\u00e9 letn\u00ed d\u00edlny Ars Poetica jsou pokusem o zachycen\u00ed tich\u00e9 v\u0161edn\u00ed poezie \u017eivota v rozmanitosti jej\u00edch forem. Pr\u016fvodci se tu st\u00e1vaj\u00ed b\u00e1sn\u00edci, kte\u0159\u00ed se um\u011bli dot\u00fdkat st\u0159edu v\u011bc\u00ed. Ka\u017ed\u00fd den programu je v\u011bnov\u00e1n jednomu b\u00e1sn\u00edkovi a jeho duchovn\u00ed cest\u011b.<!--more--><\/p>\n<p>B\u00e1sn\u00edci leto\u0161n\u00ed Ars poetica: J. \u010capek, I. Blatn\u00fd, Z. Rotrekl, J. Kol\u00e1\u0159, L. Nov\u00e1k, I.Divi\u0161<\/p>\n<p>D\u00edlny jsou ur\u010deny nej\u0161ir\u0161\u00edmu okruhu z\u00e1jemc\u016f, jsou vhodn\u00e9 i pro ty, kdo dosud cestu k literatu\u0159e nenalezli, nebo na ni nem\u011bli \u010das. Je tak\u00e9 mo\u017en\u00e9 se z\u00fa\u010dastnit jen n\u011bkter\u00e9ho ve\u010dern\u00edho setk\u00e1n\u00ed. Term\u00edny n\u00e1v\u0161t\u011bv host\u016f se mohou m\u011bnit, doporu\u010duje se rad\u011bji n\u011bkolik dn\u00ed p\u0159edem je\u0161t\u011b zavolat na \u010d\u00edsto 736 176 635.<\/p>\n<p>Dopoledne v\u011b v\u011bnov\u00e1no z\u00e1bav\u011b a n\u00e1padit\u00fdm hr\u00e1m; odpoledne: tvo\u0159iv\u00e9, \u010detba, mo\u017enost zkusit si n\u011bkter\u00e9 grafick\u00e9 techniky. Ka\u017ed\u00fd ve\u010der se uskute\u010dn\u00ed setk\u00e1n\u00ed se zaj\u00edmav\u00fdmi osobnostmi sou\u010dasn\u00e9 kultury. Sou\u010d\u00e1st\u00ed programu jsou ned\u011bln\u00ed lesn\u00ed m\u0161e svta\u00e9.<\/p>\n<p><strong>Harmonogram host\u016f <\/strong>(za\u010d\u00e1tek v 19h , nen\u00ed-li uvedeno jinak):<\/p>\n<p>28.7. Mirek Kov\u00e1\u0159\u00edk<\/p>\n<p>29.7. Pavla Pe\u010dinkov\u00e1<\/p>\n<p>30.7. Zeno Kapr\u00e1l<\/p>\n<p>31.7. Ale\u0161 Pal\u00e1n<\/p>\n<p>1.8. Jan Rous<\/p>\n<p>2.8. Eva Vl\u010dkov\u00e1<\/p>\n<p>3.8. Ivan M. Jirous + celodenn\u00ed v\u00fdstava fotografi\u00ed Tom\u00e1\u0161e V\u00e1\u017eana<br \/>\n4.8. Vr\u00e1\u0165a Brabenec a Joe Karafi\u00e1t<\/p>\n<p>5.8. ve\u010dern\u00ed Slavnost sv\u011btel<\/p>\n<p><em>cena<\/em>: (program, ubytov\u00e1n\u00ed, strava) 1.650 K\u010d<\/p>\n<p><em>m\u00edsto:<\/em> sokolsk\u00e9 t\u00e1bo\u0159i\u0161t\u011b Je\u017ekov u Z\u00e1b\u0159ez\u00ed (zd Dvora Kr\u00e1lov\u00e9 n\/L do Doubravice a odtud do Z\u00e1b\u0159ez\u00ed)<\/p>\n<p><em>ubytov\u00e1n\u00ed<\/em> v lese v podsadov\u00fdch stanech<\/p>\n<p><em>po\u0159adatel:<\/em> sdru\u017een\u00ed &#8222;Quo vadis&#8220; Franti\u0161ek Burda, mail: feaurmont@centrum.cz<\/p>\n<p><em>kontakt, info, p\u0159ihl\u00e1\u0161ky<\/em>: Tereza Vl\u010dkov\u00e1-Burdov\u00e1, Terez.Vlckova@centrum.cz<\/p>\n<p>V ka\u017ed\u00e9m \u010dlov\u011bku je ukryta schopnost vn\u00edmat a okou\u0161et \u201cchu\u0165 skute\u010dnosti\u201d, schopnost \u00fa\u017easu a n\u011bm\u00e9ho okouzlen\u00ed nitrem v\u011bc\u00ed i d\u011bj\u016f a tak i schopnost \u201cporozum\u011bn\u00ed\u201d sob\u011b a sv\u011btu. Pokorn\u00e9 a v\u00e1\u0161niv\u00e9 hled\u00e1n\u00ed on\u00e9 taj\u016fpln\u00e9 smysluplnosti v\u0161eho co n\u00e1s obklopuje je velik\u00fdm dobrodru\u017estv\u00edm, kter\u00e9 chceme spole\u010dn\u011b pro\u017e\u00edvat.<br \/>\nK tomu je \u010dlov\u011bku t\u0159eba jen jedin\u00e9 dispozice, otev\u0159enosti, dop\u0159\u00e1t si \u010dasu k spo\u010dinut\u00ed, k pohledu, k dotyku. Otev\u0159enost dovoluje \u010dlov\u011bku spat\u0159it nov\u00e9 skute\u010dnosti i tam, kde ji\u017e zrak bezpo\u010dtukr\u00e1t dopadl. Otev\u0159enost je tich\u00fdm naslouch\u00e1n\u00edm a o\u010dek\u00e1v\u00e1n\u00edm chv\u00edle, kdy se poprv\u00e9 objev\u00ed stonek kl\u00ed\u010d\u00edc\u00edho semene. Zvl\u00e1\u0161tn\u00edm darem takov\u00e9ho \u00fasil\u00ed je pak \u010dlov\u011bku radost ze setk\u00e1n\u00ed.<\/p>\n<p>Program je ur\u010den\u00fd pro ka\u017ed\u00e9ho, bez v\u00fdznamn\u011bj\u0161\u00edch omezen\u00ed.   Nen\u00ed ur\u010den jen pro s\u010detl\u00e9, vzd\u011blan\u00e9, nadan\u00e9 a um\u011blecky zalo\u017een\u00e9m, sp\u00ed\u0161e pro ty kdo maj\u00ed cht n\u011bco nov\u00e9ho poznat a objevit. V\u011bkov\u011b jsou d\u00edlny neomezen\u00e9.<\/p>\n","protected":false},"excerpt":{"rendered":"<p>aneb Duchovn\u00ed cesta b\u00e1sn\u00edkova. Liter\u00e1rn\u00ed a v\u00fdtvarn\u00e9 letn\u00ed d\u00edlny Ars Poetica jsou pokusem o zachycen\u00ed tich\u00e9 v\u0161edn\u00ed poezie \u017eivota v rozmanitosti jej\u00edch forem. Pr\u016fvodci se tu st\u00e1vaj\u00ed b\u00e1sn\u00edci, kte\u0159\u00ed se um\u011bli dot\u00fdkat st\u0159edu v\u011bc\u00ed. Ka\u017ed\u00fd den programu je v\u011bnov\u00e1n jednomu b\u00e1sn\u00edkovi a jeho duchovn\u00ed cest\u011b.<\/p>\n","protected":false},"author":8,"featured_media":0,"comment_status":"open","ping_status":"open","sticky":false,"template":"","format":"standard","meta":{"footnotes":""},"categories":[5],"tags":[],"_links":{"self":[{"href":"https:\/\/www.cestanahoru.org\/index.php?rest_route=\/wp\/v2\/posts\/203"}],"collection":[{"href":"https:\/\/www.cestanahoru.org\/index.php?rest_route=\/wp\/v2\/posts"}],"about":[{"href":"https:\/\/www.cestanahoru.org\/index.php?rest_route=\/wp\/v2\/types\/post"}],"author":[{"embeddable":true,"href":"https:\/\/www.cestanahoru.org\/index.php?rest_route=\/wp\/v2\/users\/8"}],"replies":[{"embeddable":true,"href":"https:\/\/www.cestanahoru.org\/index.php?rest_route=%2Fwp%2Fv2%2Fcomments&post=203"}],"version-history":[{"count":0,"href":"https:\/\/www.cestanahoru.org\/index.php?rest_route=\/wp\/v2\/posts\/203\/revisions"}],"wp:attachment":[{"href":"https:\/\/www.cestanahoru.org\/index.php?rest_route=%2Fwp%2Fv2%2Fmedia&parent=203"}],"wp:term":[{"taxonomy":"category","embeddable":true,"href":"https:\/\/www.cestanahoru.org\/index.php?rest_route=%2Fwp%2Fv2%2Fcategories&post=203"},{"taxonomy":"post_tag","embeddable":true,"href":"https:\/\/www.cestanahoru.org\/index.php?rest_route=%2Fwp%2Fv2%2Ftags&post=203"}],"curies":[{"name":"wp","href":"https:\/\/api.w.org\/{rel}","templated":true}]}}