{"id":205,"date":"2007-05-03T15:20:17","date_gmt":"2007-05-03T14:20:17","guid":{"rendered":"https:\/\/www.cestanahoru.org\/?p=205"},"modified":"2007-09-30T16:24:34","modified_gmt":"2007-09-30T15:24:34","slug":"co-je-noveho","status":"publish","type":"post","link":"https:\/\/www.cestanahoru.org\/?p=205","title":{"rendered":"Co je nov\u00e9ho"},"content":{"rendered":"<p>Mo\u017en\u00e1 nebude na \u0161kodu \u010das od \u010dasu rekapitulovat posledn\u00ed ud\u00e1losti s p\u0159\u00edpadn\u00fdm v\u00fdhledem do budoucna. Podn\u011bt\u016f, n\u00e1vrh\u016f, tip\u016f k zaj\u00edmavostem u n\u00e1s a v na\u0161em okol\u00ed je pom\u011brn\u011b dost, \u010dasto se se za nimi nesta\u010d\u00edme ohl\u00e9dnout, p\u0159esto\u017ee, jak dob\u0159e zn\u00e1mo, hlubok\u00e9 pro\u017eit\u00ed \u010dehokoliv dotv\u00e1\u0159\u00edme nejen kvalitn\u00edm pro\u017e\u00edv\u00e1n\u00edm p\u0159\u00edtomn\u00e9ho okam\u017eiku, ale u\u017e o\u010dek\u00e1v\u00e1n\u00edm a p\u0159\u00edpravou na ud\u00e1lost a tak\u00e9 vzpom\u00ednkami, ohl\u00e9dnut\u00edm za t\u00edm, co se vlastn\u011b odehr\u00e1lo.<!--more--><\/p>\n<p>N\u00e1\u0161 d\u016fm z\u016fst\u00e1v\u00e1 otev\u0159en\u00fd nejenom lidem, kte\u0159\u00ed tu bydl\u00ed. Velmi n\u00e1s t\u011b\u0161\u00ed mno\u017estv\u00ed neform\u00e1ln\u00edch n\u00e1v\u0161t\u011bv a setk\u00e1n\u00ed, zejm\u00e9na ty, kter\u00e9 nemus\u00edme ani tak p\u0159edem d\u016fkladn\u011b p\u0159ipravovat:), proto\u017ee nositeli p\u0159irozen\u00e9 atmosf\u00e9ry jsou ti, kte\u0159\u00ed se tu sch\u00e1zej\u00ed. Asi by se n\u00e1m l\u00edbilo, kdyby se vytvo\u0159ilo v\u00edce &#8222;nez\u00e1visl\u00fdch&#8220; skupin, kter\u00e9 by p\u0159ich\u00e1zely a c\u00edtily se tu jaksi doma. Proto pokra\u010dujeme ve stavb\u011b \u010dehosi, co jen neradi naz\u00fdv\u00e1me &#8222;s\u00e1lem&#8220;, proto\u017ee \u00fa\u010delem je uchovat neform\u00e1ln\u00ed p\u0159\u00e1telsk\u00e9 shroma\u017e\u010fov\u00e1n\u00ed kolem spole\u010dn\u00e9ho stolu v trochu v\u011bt\u0161\u00edch prostor\u00e1ch, kde se vzduch tak lehce nevyd\u00fdch\u00e1.<\/p>\n<p>Jsme r\u00e1di za ty, kdo podnikaj\u00ed experiment spole\u010dn\u00e9ho bydlen\u00ed v jednom dom\u011b s karmelit\u00e1nskou \u0159eholn\u00ed komunitou. Doposud se zd\u00e1, \u017ee takov\u00e9 sou\u017eit\u00ed je oboustrann\u011b mo\u017en\u00e9, ba velmi v\u00fdhodn\u00e9 (up\u0159esn\u011bn\u00ed, co t\u00edm vlastn\u011b mysl\u00edm, nech\u00e1v\u00e1m na jindy).<\/p>\n<p>Velmi n\u00e1s t\u011b\u0161\u00ed spolupr\u00e1ce s pra\u017eskou akademickou farnost\u00ed Nejsv. Salv\u00e1tora, pro jej\u00ed\u017e pot\u0159eby tak\u00e9 mj. organizujeme kurzy rekolekc\u00ed a exercici\u00ed v kol\u00ednsk\u00e9m jezuitsk\u00e9m kl\u00e1\u0161te\u0159e.<br \/>\nDo konce akademick\u00e9ho roku bychom  r\u00e1di nab\u00eddli je\u0161t\u011b jednu p\u0159\u00edle\u017eitost pro setk\u00e1n\u00ed s t\u011bmi, kter\u00e9 b\u011b\u017en\u00fd program nep\u0159il\u00e1k\u00e1, nebo nedok\u00e1\u017eou p\u0159ekonat obvykl\u00e9 bari\u00e9ry v\u016f\u010di kl\u00e1\u0161ter\u016fm a podobn\u00fdm instituc\u00edm, proto b\u011bhem \u010dervna uspo\u0159\u00e1d\u00e1me tradi\u010dn\u00ed <strong>Pozdn\u011bjarn\u00ed soir\u00e9e<\/strong>, doufaj\u00edce, \u017ee zahrada na\u0161eho domu bude p\u0159i v\u0161ech stavebn\u00edch \u00faprav\u00e1ch k podobn\u00e9mu \u00fa\u010delu p\u0159eci jen zachov\u00e1na. P\u0159edpokl\u00e1d\u00e1 se dobr\u00e1 hudba, ob\u010derstven\u00ed, atmosf\u00e9ra \u010dervnov\u00e9ho podve\u010dera v ko\u0161\u00ed\u0159sko-jinonick\u00e9m z\u00e1ti\u0161\u00ed.<\/p>\n<p>Je\u0161t\u011b p\u0159ed t\u00edm bychom u n\u00e1s v Jinonick\u00e9 r\u00e1di uskute\u010dnili <strong>ekumenick\u00e9 modlitebn\u00ed setk\u00e1n\u00ed se zp\u011bvy z Taiz\u00e9<\/strong> (25.5.2007, 18.30h), spole\u010dn\u011b s n\u011bkolika na\u0161imi evangelick\u00fdmi bratry a sestrami.<\/p>\n<p>D\u00edky vst\u0159\u00edcnosti Vladim\u00edra Such\u00e1nka z olomouck\u00e9 UJEP p\u0159ipravujeme na podzim rekolekci-meditaci s filmem <strong>Andreje Tarkovsk\u00e9ho Andrej Ruble<\/strong>v. Netrp\u011bliv\u011b tak\u00e9 \u010dek\u00e1me, zda se poda\u0159\u00ed uskute\u010dnit <strong>chor\u00e1ln\u00ed exercicie<\/strong> ve spolupr\u00e1ci s Ji\u0159\u00edm Hrdinou ze Scholy Benedicta.<\/p>\n<p><em>pokra\u010dov\u00e1n\u00ed p\u0159\u00ed\u0161t\u011b <\/em><\/p>\n","protected":false},"excerpt":{"rendered":"<p>Mo\u017en\u00e1 nebude na \u0161kodu \u010das od \u010dasu rekapitulovat posledn\u00ed ud\u00e1losti s p\u0159\u00edpadn\u00fdm v\u00fdhledem do budoucna. Podn\u011bt\u016f, n\u00e1vrh\u016f, tip\u016f k zaj\u00edmavostem u n\u00e1s a v na\u0161em okol\u00ed je pom\u011brn\u011b dost, \u010dasto se se za nimi nesta\u010d\u00edme ohl\u00e9dnout, p\u0159esto\u017ee, jak dob\u0159e zn\u00e1mo, hlubok\u00e9 pro\u017eit\u00ed \u010dehokoliv dotv\u00e1\u0159\u00edme nejen kvalitn\u00edm pro\u017e\u00edv\u00e1n\u00edm p\u0159\u00edtomn\u00e9ho okam\u017eiku, ale u\u017e o\u010dek\u00e1v\u00e1n\u00edm a p\u0159\u00edpravou na [&hellip;]<\/p>\n","protected":false},"author":11,"featured_media":0,"comment_status":"open","ping_status":"open","sticky":false,"template":"","format":"standard","meta":{"footnotes":""},"categories":[11],"tags":[],"_links":{"self":[{"href":"https:\/\/www.cestanahoru.org\/index.php?rest_route=\/wp\/v2\/posts\/205"}],"collection":[{"href":"https:\/\/www.cestanahoru.org\/index.php?rest_route=\/wp\/v2\/posts"}],"about":[{"href":"https:\/\/www.cestanahoru.org\/index.php?rest_route=\/wp\/v2\/types\/post"}],"author":[{"embeddable":true,"href":"https:\/\/www.cestanahoru.org\/index.php?rest_route=\/wp\/v2\/users\/11"}],"replies":[{"embeddable":true,"href":"https:\/\/www.cestanahoru.org\/index.php?rest_route=%2Fwp%2Fv2%2Fcomments&post=205"}],"version-history":[{"count":0,"href":"https:\/\/www.cestanahoru.org\/index.php?rest_route=\/wp\/v2\/posts\/205\/revisions"}],"wp:attachment":[{"href":"https:\/\/www.cestanahoru.org\/index.php?rest_route=%2Fwp%2Fv2%2Fmedia&parent=205"}],"wp:term":[{"taxonomy":"category","embeddable":true,"href":"https:\/\/www.cestanahoru.org\/index.php?rest_route=%2Fwp%2Fv2%2Fcategories&post=205"},{"taxonomy":"post_tag","embeddable":true,"href":"https:\/\/www.cestanahoru.org\/index.php?rest_route=%2Fwp%2Fv2%2Ftags&post=205"}],"curies":[{"name":"wp","href":"https:\/\/api.w.org\/{rel}","templated":true}]}}