{"id":206,"date":"2007-05-04T12:37:27","date_gmt":"2007-05-04T11:37:27","guid":{"rendered":"https:\/\/www.cestanahoru.org\/?p=206"},"modified":"2012-10-13T18:16:48","modified_gmt":"2012-10-13T16:16:48","slug":"pisen-pisni","status":"publish","type":"post","link":"https:\/\/www.cestanahoru.org\/?p=206","title":{"rendered":"P\u00edse\u0148 p\u00edsn\u00ed"},"content":{"rendered":"<p><img loading=\"lazy\" decoding=\"async\" id=\"image207\" src=\"https:\/\/www.cestanahoru.org\/wp-content\/stredovek.thumbnail.jpg\" alt=\"P\u00edse\ufffd? p\u00edsn\u00ed\" width=\"114\" height=\"111\" \/>Na podzim (\u0159\u00edjen-listopad) chyst\u00e1me autorsk\u00fd ve\u010der na t\u00e9ma <strong>P\u00edse\u0148 p\u00edsn\u00ed<\/strong>. V\u00fdchodiskem bude z\u00e1v\u011bre\u010dn\u00e1 studentsk\u00e1 pr\u00e1ce Ivy Folajt\u00e1rov\u00e9, k n\u00ed\u017e se p\u0159ipoj\u00ed n\u011bkolik dal\u0161\u00edch b\u00e1sn\u00edk\u016f, v\u00fdtvarn\u00edk\u016f, fotograf\u016f a hudebn\u00edk\u016f. Autorsk\u00fd ve\u010der ov\u0161em ohla\u0161ujeme s t\u00edmto p\u0159edstihem, aby se mohli p\u0159ipojit i dal\u0161\u00ed tv\u016frci, nap\u0159. z \u0159ad \u010dten\u00e1\u0159\u016f t\u011bchto str\u00e1nek a dal\u0161\u00edch p\u0159\u00e1tel. Poda\u0159\u00ed-li se v\u00e1m do \u0159\u00edjna vytvo\u0159it d\u00edlo, kter\u00e9 by se vztahovalo k biblick\u00e9 P\u00edsn\u00ed p\u00edsn\u00ed, kontaktujte n\u00e1s na mailov\u00e9 adrese karmelitky(at)gmail.com<\/p>\n","protected":false},"excerpt":{"rendered":"<p>Na podzim (\u0159\u00edjen-listopad) chyst\u00e1me autorsk\u00fd ve\u010der na t\u00e9ma P\u00edse\u0148 p\u00edsn\u00ed. V\u00fdchodiskem bude z\u00e1v\u011bre\u010dn\u00e1 studentsk\u00e1 pr\u00e1ce Ivy Folajt\u00e1rov\u00e9, k n\u00ed\u017e se p\u0159ipoj\u00ed n\u011bkolik dal\u0161\u00edch b\u00e1sn\u00edk\u016f, v\u00fdtvarn\u00edk\u016f, fotograf\u016f a hudebn\u00edk\u016f. Autorsk\u00fd ve\u010der ov\u0161em ohla\u0161ujeme s t\u00edmto p\u0159edstihem, aby se mohli p\u0159ipojit i dal\u0161\u00ed tv\u016frci, nap\u0159. z \u0159ad \u010dten\u00e1\u0159\u016f t\u011bchto str\u00e1nek a dal\u0161\u00edch p\u0159\u00e1tel. Poda\u0159\u00ed-li se v\u00e1m do [&hellip;]<\/p>\n","protected":false},"author":13,"featured_media":0,"comment_status":"open","ping_status":"open","sticky":false,"template":"","format":"standard","meta":{"footnotes":""},"categories":[5],"tags":[],"_links":{"self":[{"href":"https:\/\/www.cestanahoru.org\/index.php?rest_route=\/wp\/v2\/posts\/206"}],"collection":[{"href":"https:\/\/www.cestanahoru.org\/index.php?rest_route=\/wp\/v2\/posts"}],"about":[{"href":"https:\/\/www.cestanahoru.org\/index.php?rest_route=\/wp\/v2\/types\/post"}],"author":[{"embeddable":true,"href":"https:\/\/www.cestanahoru.org\/index.php?rest_route=\/wp\/v2\/users\/13"}],"replies":[{"embeddable":true,"href":"https:\/\/www.cestanahoru.org\/index.php?rest_route=%2Fwp%2Fv2%2Fcomments&post=206"}],"version-history":[{"count":2,"href":"https:\/\/www.cestanahoru.org\/index.php?rest_route=\/wp\/v2\/posts\/206\/revisions"}],"predecessor-version":[{"id":4702,"href":"https:\/\/www.cestanahoru.org\/index.php?rest_route=\/wp\/v2\/posts\/206\/revisions\/4702"}],"wp:attachment":[{"href":"https:\/\/www.cestanahoru.org\/index.php?rest_route=%2Fwp%2Fv2%2Fmedia&parent=206"}],"wp:term":[{"taxonomy":"category","embeddable":true,"href":"https:\/\/www.cestanahoru.org\/index.php?rest_route=%2Fwp%2Fv2%2Fcategories&post=206"},{"taxonomy":"post_tag","embeddable":true,"href":"https:\/\/www.cestanahoru.org\/index.php?rest_route=%2Fwp%2Fv2%2Ftags&post=206"}],"curies":[{"name":"wp","href":"https:\/\/api.w.org\/{rel}","templated":true}]}}