{"id":209,"date":"2007-05-07T12:59:43","date_gmt":"2007-05-07T11:59:43","guid":{"rendered":"https:\/\/www.cestanahoru.org\/?p=209"},"modified":"2007-05-10T12:40:01","modified_gmt":"2007-05-10T11:40:01","slug":"ekumenicke-modlitby-ve-stylu-taize","status":"publish","type":"post","link":"https:\/\/www.cestanahoru.org\/?p=209","title":{"rendered":"Ekumenick\u00e9 modlitby ve stylu Taiz\u00e9"},"content":{"rendered":"<p>Srde\u010dn\u011b zveme k\u0159es\u0165any v\u0161ech c\u00edrkv\u00ed a v\u0161echny lidi dobr\u00e9 v\u016fle ke spole\u010dn\u00fdm  ekumenick\u00fdm modlitb\u00e1m inspirovan\u00fdm duchem Taiz\u00e9.<\/p>\n<div align=\"right\">&#8222;V dlouh\u00e9 historii k\u0159es\u0165an\u016f se mnoz\u00ed ocitli jednoho dne rozd\u011bleni, ani\u017e by vlastn\u011b v\u011bd\u011bli pro\u010d. Dnes je ze v\u0161eho nejd\u016fle\u017eit\u011bj\u0161\u00ed ud\u011blat v\u0161echno pro to, aby co nejv\u011bt\u0161\u00ed po\u010det k\u0159es\u0165an\u016f znovu objevil jednotu. Tento pr\u00e1h se poda\u0159\u00ed p\u0159ekro\u010dit natolik, nakolik bude patrn\u00fd \u017eivot spole\u010denstv\u00ed. Texty p\u0159ijdou pozd\u011bji. D\u00e1v\u00e1me-li prvo\u0159ad\u00e9 m\u00edsto text\u016fm, neznamen\u00e1 to nakonec oddalov\u00e1n\u00ed evangelijn\u00ed v\u00fdzvy: &#8222;Jdi se nap\u0159ed sm\u00ed\u0159it se sv\u00fdm bratrem?&#8220; Spole\u010denstv\u00ed je prub\u00ed\u0159sk\u00fd k\u00e1men. Rod\u00ed se nejd\u0159\u00edve v hloubi srdce ka\u017ed\u00e9ho k\u0159es\u0165ana, v tichosti a l\u00e1sce, za\u010d\u00edn\u00e1 lidsk\u00e9m nitru.&#8220;<\/div>\n<p align=\"right\">(bratr Roger z Taiz\u00e9)<\/p>\n<p>Nejbli\u017e\u0161\u00ed setk\u00e1n\u00ed se kon\u00e1:<\/p>\n<p>Kdy:  25. 5. 2007 v 18:30<br \/>\nKde: v kapli kl\u00e1\u0161tera sester karmelitek sv. Terezie Jinonick\u00e1 22, Praha &#8211; Ko\u0161\u00ed\u0159e.<!--more--><\/p>\n<p>Spole\u010dn\u00fd sraz mo\u017en\u00fd v 18:10 na zast\u00e1vce Klamovka, p\u0159ed b\u00edlou kapl\u00ed. Plak\u00e1tek je ke sta\u017een\u00ed zde: <a id=\"p218\" href=\"https:\/\/www.cestanahoru.org\/wp-content\/taize3.rtf\">plak\u00e1tek<\/a><\/p>\n","protected":false},"excerpt":{"rendered":"<p>Srde\u010dn\u011b zveme k\u0159es\u0165any v\u0161ech c\u00edrkv\u00ed a v\u0161echny lidi dobr\u00e9 v\u016fle ke spole\u010dn\u00fdm ekumenick\u00fdm modlitb\u00e1m inspirovan\u00fdm duchem Taiz\u00e9. &#8222;V dlouh\u00e9 historii k\u0159es\u0165an\u016f se mnoz\u00ed ocitli jednoho dne rozd\u011bleni, ani\u017e by vlastn\u011b v\u011bd\u011bli pro\u010d. Dnes je ze v\u0161eho nejd\u016fle\u017eit\u011bj\u0161\u00ed ud\u011blat v\u0161echno pro to, aby co nejv\u011bt\u0161\u00ed po\u010det k\u0159es\u0165an\u016f znovu objevil jednotu. Tento pr\u00e1h se poda\u0159\u00ed p\u0159ekro\u010dit natolik, [&hellip;]<\/p>\n","protected":false},"author":3,"featured_media":0,"comment_status":"open","ping_status":"open","sticky":false,"template":"","format":"standard","meta":{"footnotes":""},"categories":[7],"tags":[],"_links":{"self":[{"href":"https:\/\/www.cestanahoru.org\/index.php?rest_route=\/wp\/v2\/posts\/209"}],"collection":[{"href":"https:\/\/www.cestanahoru.org\/index.php?rest_route=\/wp\/v2\/posts"}],"about":[{"href":"https:\/\/www.cestanahoru.org\/index.php?rest_route=\/wp\/v2\/types\/post"}],"author":[{"embeddable":true,"href":"https:\/\/www.cestanahoru.org\/index.php?rest_route=\/wp\/v2\/users\/3"}],"replies":[{"embeddable":true,"href":"https:\/\/www.cestanahoru.org\/index.php?rest_route=%2Fwp%2Fv2%2Fcomments&post=209"}],"version-history":[{"count":0,"href":"https:\/\/www.cestanahoru.org\/index.php?rest_route=\/wp\/v2\/posts\/209\/revisions"}],"wp:attachment":[{"href":"https:\/\/www.cestanahoru.org\/index.php?rest_route=%2Fwp%2Fv2%2Fmedia&parent=209"}],"wp:term":[{"taxonomy":"category","embeddable":true,"href":"https:\/\/www.cestanahoru.org\/index.php?rest_route=%2Fwp%2Fv2%2Fcategories&post=209"},{"taxonomy":"post_tag","embeddable":true,"href":"https:\/\/www.cestanahoru.org\/index.php?rest_route=%2Fwp%2Fv2%2Ftags&post=209"}],"curies":[{"name":"wp","href":"https:\/\/api.w.org\/{rel}","templated":true}]}}