{"id":229,"date":"2007-05-14T07:42:42","date_gmt":"2007-05-14T06:42:42","guid":{"rendered":"https:\/\/www.cestanahoru.org\/?p=229"},"modified":"2012-10-19T10:48:38","modified_gmt":"2012-10-19T08:48:38","slug":"hledani-vnitrniho-pramene","status":"publish","type":"post","link":"https:\/\/www.cestanahoru.org\/?p=229","title":{"rendered":"Hled\u00e1n\u00ed vnit\u0159n\u00edho pramene"},"content":{"rendered":"<p>V edici \u0158e\u010d du\u0161e vydalo nakladatelstv\u00ed Paul\u00ednky v leto\u0161n\u00edm roce knihu francouzsk\u00e9ho antropologa a teologa <strong>Bernarda Ugeux<\/strong> Hled\u00e1n\u00ed vnit\u0159n\u00edho pramene, kterou velmi doporu\u010dujeme v\u0161em, kdo usiluj\u00ed o prohlouben\u00ed duchovn\u00edho \u017eivota (&#8222;duchovn\u011b hledaj\u00edc\u00edm lidem&#8220; r\u016fzn\u00fdch tradic a &#8222;za\u010d\u00e1te\u010dn\u00edk\u016fm na cest\u011b meditace&#8220;, p\u00ed\u0161e autor). Jde o jednu z nemnoha knih dostupn\u00fdch \u010desk\u00e9mu \u010dten\u00e1\u0159i (vedle titul\u016f jako H. Enomiya-Lasalle: Zenov\u00e1 meditace; R. Rohr: V\u0161echno m\u00e1 sv\u00e9 m\u00edsto; A. de Mello: S\u00e1dhana), kter\u00e9 zd\u016fraz\u0148uj\u00ed, jak d\u016fle\u017eit\u00e9 je pro autentick\u00fd rozvoj vnit\u0159n\u00edho \u017eivota br\u00e1t v potaz tak\u00e9 na\u0161i t\u011blesnost a afektivitu a p\u0159itom z\u00e1rove\u0148 nab\u00edz\u00ed \u0159adu praktick\u00fdch doporu\u010den\u00ed pro ty, kdo se skute\u010dn\u011b odhodlaj\u00ed vydat se po cest\u011b, je\u017e vede k setk\u00e1n\u00ed s on\u00edm &#8222;vnit\u0159n\u00edm pramenem&#8220;, zdrojem ve\u0161ker\u00e9 na\u0161\u00ed vitality. <!--more-->Prakti\u010dnost a konkr\u00e9tnost rad je velkou p\u0159ednost\u00ed tohoto titulu. Jeho autor vych\u00e1z\u00ed z duchovn\u00edch pot\u0159eb velk\u00e9ho mno\u017estv\u00ed sou\u010dasn\u00edk\u016f, s nimi\u017e se sezn\u00e1mil b\u011bhem sv\u00e9ho v\u00edce ne\u017e t\u0159icetilet\u00e9ho pastora\u010dn\u00edho p\u016fsoben\u00ed v oblasti duchovn\u00edho doprov\u00e1zen\u00ed &#8211; proto se neboj\u00ed nap\u0159. pouk\u00e1zat na p\u0159\u00ednos, kter\u00fd pro mnoh\u00e9 lidi znamenaj\u00ed nab\u00eddky v\u00fdchodn\u00edch duchovn\u00edch tradic. \u017de pr\u00e1ce na sob\u011b sam\u00e9m, zdrav\u00e9 sebepozn\u00e1n\u00ed \u010di tradi\u010dn\u011bji st\u00e1le p\u0159ipom\u00ednan\u00fd Tom\u00e1\u0161\u016fv v\u00fdrok<em> gratia supponit naturam<\/em>, je snad u\u017e i v z\u00e1padn\u00edm k\u0159es\u0165anstv\u00ed op\u011bt st\u00e1le z\u0159ejm\u011bj\u0161\u00ed, ot\u00e1zkou pro mnoh\u00e9 k\u0159es\u0165any mo\u017en\u00e1 z\u016fst\u00e1v\u00e1, nakolik je skute\u010dn\u011b p\u0159\u00edpadn\u00e9 \u010derp\u00e1n\u00ed inspirace z velk\u00fdch v\u00fdchodn\u00edch tradic ohro\u017een\u00edm pro sv\u00e9bytnou identitu z\u00e1padn\u00ed spirituality. Ov\u0161em je-li cesta svatosti z\u00e1rove\u0148 cestou k prav\u00e9 lidsk\u00e9 zralosti, snad je i p\u0159\u00edle\u017eitost\u00ed nenechat se v\u00e9st strachem, ale l\u00e1skou, kter\u00e1 v n\u00e1s podporuje schopnost u\u010dit se od druh\u00fdch, od &#8222;jin\u00fdch&#8220;.<\/p>\n<p>Kniha m\u00e1 t\u0159i velk\u00e9 odd\u00edly: velk\u00e9 m\u00edsto je na po\u010d\u00e1tku v\u011bnov\u00e1no pr\u00e1ci s t\u011blem a s dechem, kter\u00e1 m\u00e1 v\u00e9st k usebranosti a naslouch\u00e1n\u00ed. Kdy\u017e na\u0161e t\u011blo, my\u0161lenky i city jsou klidn\u00e9, obvykle se n\u00e1m tak\u00e9 l\u00e9pe da\u0159\u00ed b\u00fdt p\u0159\u00edtomni sami sob\u011b i Bohu. Autor n\u00e1s znovu u\u010d\u00ed vhodn\u00e9mu dr\u017een\u00ed t\u011bla p\u0159i modlitb\u011b, kter\u00e9 m\u00e1 napomoci na\u0161\u00ed vn\u00edmavosti a pozornosti. Druh\u00e1 \u010d\u00e1st knihy p\u0159ibli\u017euje z\u00e1padn\u00edmu \u010dlov\u011bku metodu Je\u017e\u00ed\u0161ovy modlitby s odkazem na h\u00e9sychastickou tradici a vypr\u00e1v\u011bn\u00ed Rusk\u00e9ho poutn\u00edka. T\u0159et\u00ed \u010d\u00e1st pak vych\u00e1z\u00ed z ignaci\u00e1nsk\u00e9 meditace a vrac\u00ed do na\u0161eho duchovn\u00edho \u017eivota afektivitu, abychom se znovu nau\u010dili rozli\u0161ovat na\u0161e &#8222;vnit\u0159n\u00ed hnut\u00ed&#8220; p\u0159i naslouch\u00e1n\u00ed Bo\u017e\u00edmu slovu i celku na\u0161eho \u017eivota a osvojili si um\u011bn\u00ed svobodn\u00e9 volby.<\/p>\n<p>Titul knihy odr\u00e1\u017e\u00ed naprosto z\u00e1sadn\u00ed zku\u0161enost autora, kterou \u010dten\u00e1\u0159i karmelit\u00e1nsk\u00e9 spirituality (ale jist\u011b i jin\u00fdch mystik\u016f) dob\u0159e znaj\u00ed. Leitmotivem, kter\u00fd n\u00e1zev odr\u00e1\u017e\u00ed, je toti\u017e pramen, kter\u00fd je skryt hluboko v j\u00e1dru na\u0161\u00ed identity, pode v\u0161emi city, my\u0161lenkami i t\u011blesn\u00fdmi vjemy. A o setk\u00e1n\u00ed s t\u00edmto pramenem v z\u00e1sad\u011b jde. Knihy jako tato n\u00e1s maj\u00ed povzbudit v touze a hled\u00e1n\u00ed: abychom (znovu)nastoupili cestu, kterou nikdo jin\u00fd za n\u00e1s nem\u016f\u017ee uj\u00edt.<br \/>\n&#8222;Duchovn\u00ed hled\u00e1n\u00ed prov\u00e1z\u00ed lidi od t\u00e9 doby, co se na sv\u011bt\u011b objevili, a ukazuje, \u017ee jsou ustavi\u010dn\u011b konfrontov\u00e1ni s radik\u00e1ln\u00edmi ot\u00e1zkami po smyslu \u017eivota, l\u00e1sky a smrti. \/&#8230;\/ Slova o vnit\u0159n\u00edm prameni tak\u00e9 napov\u00eddaj\u00ed, \u017ee odpov\u011b\u010f mus\u00edme hledat stejn\u011b tak uvnit\u0159 jako mimo sebe. Kdy\u017e mluv\u00edm o prameni, m\u00e1m na mysli \u017eivot, plodnost, tajemstv\u00ed, pozv\u00e1n\u00ed objevovat.<\/p>\n<p>Osvobozen\u00ed pramene ch\u00e1pu ve dvou v\u00fdznamech. Mo\u017en\u00e1, \u017ee jsme jednoho dne ten pramen ji\u017e objevili, \u017ee jsme z n\u011bj u\u017e pili, ale \u017eivotn\u00ed zkou\u0161ky ho pozd\u011bji zatarasily. \/&#8230;\/ Nen\u00ed ani vylou\u010deno, \u017ee jsme zat\u00edm nikdy nep\u0159i\u0161li na to, \u017ee se v na\u0161\u00ed hlubin\u011b skr\u00fdv\u00e1 tajemn\u00e1 a nekone\u010dn\u011b bohat\u00e1 nitern\u00e1 skute\u010dnost. Je sou\u010d\u00e1st\u00ed na\u0161\u00ed nejautenti\u010dt\u011bj\u0161\u00ed toto\u017enosti, ale my jsme se nikdy nenau\u010dili hasit u n\u00ed svou \u017e\u00edze\u0148.&#8220;<\/p>\n","protected":false},"excerpt":{"rendered":"<p>V edici \u0158e\u010d du\u0161e vydalo nakladatelstv\u00ed Paul\u00ednky v leto\u0161n\u00edm roce knihu francouzsk\u00e9ho antropologa a teologa Bernarda Ugeux Hled\u00e1n\u00ed vnit\u0159n\u00edho pramene, kterou velmi doporu\u010dujeme v\u0161em, kdo usiluj\u00ed o prohlouben\u00ed duchovn\u00edho \u017eivota (&#8222;duchovn\u011b hledaj\u00edc\u00edm lidem&#8220; r\u016fzn\u00fdch tradic a &#8222;za\u010d\u00e1te\u010dn\u00edk\u016fm na cest\u011b meditace&#8220;, p\u00ed\u0161e autor). Jde o jednu z nemnoha knih dostupn\u00fdch \u010desk\u00e9mu \u010dten\u00e1\u0159i (vedle titul\u016f jako H. [&hellip;]<\/p>\n","protected":false},"author":3,"featured_media":0,"comment_status":"open","ping_status":"open","sticky":false,"template":"","format":"standard","meta":{"footnotes":""},"categories":[8,7],"tags":[],"_links":{"self":[{"href":"https:\/\/www.cestanahoru.org\/index.php?rest_route=\/wp\/v2\/posts\/229"}],"collection":[{"href":"https:\/\/www.cestanahoru.org\/index.php?rest_route=\/wp\/v2\/posts"}],"about":[{"href":"https:\/\/www.cestanahoru.org\/index.php?rest_route=\/wp\/v2\/types\/post"}],"author":[{"embeddable":true,"href":"https:\/\/www.cestanahoru.org\/index.php?rest_route=\/wp\/v2\/users\/3"}],"replies":[{"embeddable":true,"href":"https:\/\/www.cestanahoru.org\/index.php?rest_route=%2Fwp%2Fv2%2Fcomments&post=229"}],"version-history":[{"count":1,"href":"https:\/\/www.cestanahoru.org\/index.php?rest_route=\/wp\/v2\/posts\/229\/revisions"}],"predecessor-version":[{"id":4811,"href":"https:\/\/www.cestanahoru.org\/index.php?rest_route=\/wp\/v2\/posts\/229\/revisions\/4811"}],"wp:attachment":[{"href":"https:\/\/www.cestanahoru.org\/index.php?rest_route=%2Fwp%2Fv2%2Fmedia&parent=229"}],"wp:term":[{"taxonomy":"category","embeddable":true,"href":"https:\/\/www.cestanahoru.org\/index.php?rest_route=%2Fwp%2Fv2%2Fcategories&post=229"},{"taxonomy":"post_tag","embeddable":true,"href":"https:\/\/www.cestanahoru.org\/index.php?rest_route=%2Fwp%2Fv2%2Ftags&post=229"}],"curies":[{"name":"wp","href":"https:\/\/api.w.org\/{rel}","templated":true}]}}