{"id":245,"date":"2007-05-22T12:20:56","date_gmt":"2007-05-22T11:20:56","guid":{"rendered":"https:\/\/www.cestanahoru.org\/?p=245"},"modified":"2012-10-19T10:48:01","modified_gmt":"2012-10-19T08:48:01","slug":"prace-a-kontemplace-2","status":"publish","type":"post","link":"https:\/\/www.cestanahoru.org\/?p=245","title":{"rendered":"Pr\u00e1ce a kontemplace"},"content":{"rendered":"<p>aneb <em>Setk\u00e1n\u00ed pro ty, kte\u0159\u00ed se cht\u011bj\u00ed u\u010dit v\u00edce pro\u017e\u00edvat a uv\u011bdomovat si (Bo\u017e\u00ed) p\u0159\u00edtomnost.<\/em><\/p>\n<p><!--more--><\/p>\n<p>D\u016fm Komunity Noe v Holost\u0159evech<br \/>\n3. &#8211; 8. \u010dervence 2007 (za\u010d\u00edn\u00e1me \u00fatern\u00ed ve\u010de\u0159\u00ed)<\/p>\n<p>Prost\u0159edkem u\u010den\u00ed bude spole\u010dn\u011b pro\u017e\u00edvan\u00e9 ml\u010den\u00ed,<br \/>\npodn\u011bty (z \u010detby i ze zku\u0161enosti) k &#8222;zach\u00e1zen\u00ed&#8220; s tichem,<br \/>\njednoduch\u00e1 fyzick\u00e1 pr\u00e1ce v atmosf\u00e9\u0159e spole\u010denstv\u00ed,<br \/>\npr\u00e1ce s vlastn\u00edm dechem a hlasem pod veden\u00edm zku\u0161en\u00e9ho lektora,<br \/>\nt\u011blesn\u00e1 cvi\u010den\u00ed a pro\u017eitkov\u00fd tanec.<\/p>\n<p>Ka\u017ed\u00fd si bude moci zvolit takov\u00fd pom\u011br mezi t\u011blesnou a duchovn\u00ed prac\u00ed, kter\u00fd mu bude vyhovovat.<\/p>\n<p>Bude p\u0159ipraven samostatn\u00fd program pro d\u011bti &#8211; \u0161ance i pro mlad\u00e9 rodiny!<\/p>\n<p>Je dobr\u00e9 si vz\u00edt s sebou, karimatku, 200,- K\u010d\/den na spole\u010dn\u00e9 j\u00eddlo a dal\u0161\u00ed v\u00fddaje (studenti 150,- K\u010d\/den).<br \/>\nNoclehy ve vlastn\u00edm stanu na zahrad\u011b, nebo v prost\u00e9 spole\u010dn\u00e9 &#8222;lo\u017enici&#8220; na matraci.<\/p>\n<p>Pros\u00edme ozv\u011bte se p\u0159edem, zda se na v\u00e1s m\u016f\u017eeme t\u011b\u0161it (elvaf@volny.cz).<\/p>\n<p>Spojen\u00ed:<br \/>\nvlak Plze\u0148 &#8211; Cheb, p\u0159estoupit ve Svoj\u0161\u00edn\u011b na lok\u00e1lku do Holost\u0159ev<br \/>\nbus Plze\u0148 &#8211; Tachov, zast\u00e1vka Holost\u0159evy<br \/>\nauto d\u00e1lnice Plze\u0148 &#8211; Rozvadov, exit Bene\u0161ovice\/Holost\u0159evy<br \/>\nD\u016fm najdete v doln\u00ed \u010d\u00e1sti vsi proti kostelu<\/p>\n<p>www.komunitanoe.cz<\/p>\n","protected":false},"excerpt":{"rendered":"<p>aneb Setk\u00e1n\u00ed pro ty, kte\u0159\u00ed se cht\u011bj\u00ed u\u010dit v\u00edce pro\u017e\u00edvat a uv\u011bdomovat si (Bo\u017e\u00ed) p\u0159\u00edtomnost.<\/p>\n","protected":false},"author":3,"featured_media":0,"comment_status":"open","ping_status":"open","sticky":false,"template":"","format":"standard","meta":{"footnotes":""},"categories":[7],"tags":[],"_links":{"self":[{"href":"https:\/\/www.cestanahoru.org\/index.php?rest_route=\/wp\/v2\/posts\/245"}],"collection":[{"href":"https:\/\/www.cestanahoru.org\/index.php?rest_route=\/wp\/v2\/posts"}],"about":[{"href":"https:\/\/www.cestanahoru.org\/index.php?rest_route=\/wp\/v2\/types\/post"}],"author":[{"embeddable":true,"href":"https:\/\/www.cestanahoru.org\/index.php?rest_route=\/wp\/v2\/users\/3"}],"replies":[{"embeddable":true,"href":"https:\/\/www.cestanahoru.org\/index.php?rest_route=%2Fwp%2Fv2%2Fcomments&post=245"}],"version-history":[{"count":1,"href":"https:\/\/www.cestanahoru.org\/index.php?rest_route=\/wp\/v2\/posts\/245\/revisions"}],"predecessor-version":[{"id":4810,"href":"https:\/\/www.cestanahoru.org\/index.php?rest_route=\/wp\/v2\/posts\/245\/revisions\/4810"}],"wp:attachment":[{"href":"https:\/\/www.cestanahoru.org\/index.php?rest_route=%2Fwp%2Fv2%2Fmedia&parent=245"}],"wp:term":[{"taxonomy":"category","embeddable":true,"href":"https:\/\/www.cestanahoru.org\/index.php?rest_route=%2Fwp%2Fv2%2Fcategories&post=245"},{"taxonomy":"post_tag","embeddable":true,"href":"https:\/\/www.cestanahoru.org\/index.php?rest_route=%2Fwp%2Fv2%2Ftags&post=245"}],"curies":[{"name":"wp","href":"https:\/\/api.w.org\/{rel}","templated":true}]}}