{"id":3013,"date":"2010-07-02T19:30:49","date_gmt":"2010-07-02T18:30:49","guid":{"rendered":"https:\/\/www.cestanahoru.org\/?p=3013"},"modified":"2010-07-02T19:33:50","modified_gmt":"2010-07-02T18:33:50","slug":"karmelske-prazdniny","status":"publish","type":"post","link":"https:\/\/www.cestanahoru.org\/?p=3013","title":{"rendered":"Karmelsk\u00e9 pr\u00e1zdniny"},"content":{"rendered":"<p><a href=\"https:\/\/www.cestanahoru.org\/wp-content\/uploads\/summerbreak.jpg\"><img loading=\"lazy\" decoding=\"async\" class=\"alignleft size-medium wp-image-3016\" title=\"200404350-001\" src=\"https:\/\/www.cestanahoru.org\/wp-content\/uploads\/summerbreak-300x248.jpg\" alt=\"200404350-001\" width=\"126\" height=\"104\" srcset=\"https:\/\/www.cestanahoru.org\/wp-content\/uploads\/summerbreak-300x248.jpg 300w, https:\/\/www.cestanahoru.org\/wp-content\/uploads\/summerbreak.jpg 370w\" sizes=\"(max-width: 126px) 100vw, 126px\" \/><\/a>Mil\u00ed, ode dne\u0161ka m\u00e1me na Karmelu pr\u00e1zdniny, kter\u00e9 skon\u010d\u00ed za\u010d\u00e1tkem nov\u00e9ho akademick\u00e9ho roku. Znamen\u00e1 to, \u017ee p\u0159es l\u00e9to u n\u00e1s v pond\u011blky a ve \u010dtvrtky neslav\u00edme eucharistii,\u00a0 r\u00e1di v\u00e1s uvid\u00edme na komunitn\u00ed modlitb\u011b matutina, rann\u00edch chval \u010di ne\u0161por, p\u0159\u00edpadn\u011b na n\u011bkter\u00e9m letn\u00edm setk\u00e1n\u00ed, kter\u00e9 je poznamen\u00e1no v kalend\u00e1\u0159i tady vlevo&#8230; P\u011bkn\u00e9 letn\u00ed dny p\u0159ejeme!<\/p>\n","protected":false},"excerpt":{"rendered":"<p>Mil\u00ed, ode dne\u0161ka m\u00e1me na Karmelu pr\u00e1zdniny, kter\u00e9 skon\u010d\u00ed za\u010d\u00e1tkem nov\u00e9ho akademick\u00e9ho roku. Znamen\u00e1 to, \u017ee p\u0159es l\u00e9to u n\u00e1s v pond\u011blky a ve \u010dtvrtky neslav\u00edme eucharistii,\u00a0 r\u00e1di v\u00e1s uvid\u00edme na komunitn\u00ed modlitb\u011b matutina, rann\u00edch chval \u010di ne\u0161por, p\u0159\u00edpadn\u011b na n\u011bkter\u00e9m letn\u00edm setk\u00e1n\u00ed, kter\u00e9 je poznamen\u00e1no v kalend\u00e1\u0159i tady vlevo&#8230; P\u011bkn\u00e9 letn\u00ed dny p\u0159ejeme!<\/p>\n","protected":false},"author":1,"featured_media":0,"comment_status":"open","ping_status":"open","sticky":false,"template":"","format":"standard","meta":{"footnotes":""},"categories":[11],"tags":[],"_links":{"self":[{"href":"https:\/\/www.cestanahoru.org\/index.php?rest_route=\/wp\/v2\/posts\/3013"}],"collection":[{"href":"https:\/\/www.cestanahoru.org\/index.php?rest_route=\/wp\/v2\/posts"}],"about":[{"href":"https:\/\/www.cestanahoru.org\/index.php?rest_route=\/wp\/v2\/types\/post"}],"author":[{"embeddable":true,"href":"https:\/\/www.cestanahoru.org\/index.php?rest_route=\/wp\/v2\/users\/1"}],"replies":[{"embeddable":true,"href":"https:\/\/www.cestanahoru.org\/index.php?rest_route=%2Fwp%2Fv2%2Fcomments&post=3013"}],"version-history":[{"count":3,"href":"https:\/\/www.cestanahoru.org\/index.php?rest_route=\/wp\/v2\/posts\/3013\/revisions"}],"predecessor-version":[{"id":3015,"href":"https:\/\/www.cestanahoru.org\/index.php?rest_route=\/wp\/v2\/posts\/3013\/revisions\/3015"}],"wp:attachment":[{"href":"https:\/\/www.cestanahoru.org\/index.php?rest_route=%2Fwp%2Fv2%2Fmedia&parent=3013"}],"wp:term":[{"taxonomy":"category","embeddable":true,"href":"https:\/\/www.cestanahoru.org\/index.php?rest_route=%2Fwp%2Fv2%2Fcategories&post=3013"},{"taxonomy":"post_tag","embeddable":true,"href":"https:\/\/www.cestanahoru.org\/index.php?rest_route=%2Fwp%2Fv2%2Ftags&post=3013"}],"curies":[{"name":"wp","href":"https:\/\/api.w.org\/{rel}","templated":true}]}}