{"id":3018,"date":"2010-07-13T14:08:32","date_gmt":"2010-07-13T13:08:32","guid":{"rendered":"https:\/\/www.cestanahoru.org\/?p=3018"},"modified":"2010-07-13T14:11:09","modified_gmt":"2010-07-13T13:11:09","slug":"12-cervenec","status":"publish","type":"post","link":"https:\/\/www.cestanahoru.org\/?p=3018","title":{"rendered":"12. \u010dervenec"},"content":{"rendered":"<p><a href=\"https:\/\/www.cestanahoru.org\/wp-content\/uploads\/irena-s-theou.jpg\"><img loading=\"lazy\" decoding=\"async\" class=\"alignleft size-medium wp-image-3019\" title=\"irena-s-theou\" src=\"https:\/\/www.cestanahoru.org\/wp-content\/uploads\/irena-s-theou-224x300.jpg\" alt=\"irena-s-theou\" width=\"157\" height=\"210\" srcset=\"https:\/\/www.cestanahoru.org\/wp-content\/uploads\/irena-s-theou-224x300.jpg 224w, https:\/\/www.cestanahoru.org\/wp-content\/uploads\/irena-s-theou.jpg 575w\" sizes=\"(max-width: 157px) 100vw, 157px\" \/><\/a> 12. \u010dervence si v na\u0161\u00ed \u0159eholn\u00ed rodin\u011b p\u0159ipom\u00edn\u00e1me den obl\u00e1\u010dky prvn\u00edch sester na\u0161\u00ed kongregace.P\u0159i t\u00e9hle p\u0159\u00edle\u017eitosti v\u010dera za\u010dala dal\u0161\u00ed etapu sv\u00e9 \u0159eholn\u00ed formace u n\u00e1s na Karmelu <strong>Irena<\/strong>, kter\u00e1 se stala postulantkou.<\/p>\n<p>Postul\u00e1t je v sou\u010dasnosti obdob\u00ed \u0159eholn\u00ed formace, u kter\u00e9ho se p\u0159edpokl\u00e1d\u00e1 st\u00e1le v\u011bt\u0161\u00ed prostor pro d\u016fkladnou lidskou i duchovn\u00ed formaci k zasv\u011bcen\u00e9mu \u017eivotu. Trv\u00e1 zhruba jeden rok, pot\u00e9 za\u010d\u00edn\u00e1 novici\u00e1t, ve kter\u00e9m se osoba, kter\u00e1 rozli\u0161ila, \u017ee ji B\u016fh skute\u010dn\u011b vol\u00e1 k \u017eivotu v \u0159eholn\u00ed komunit\u011b, p\u0159ipravuje na slo\u017een\u00ed do\u010dasn\u00fdch \u0159eholn\u00edch slib\u016f.<\/p>\n","protected":false},"excerpt":{"rendered":"<p>12. \u010dervence si v na\u0161\u00ed \u0159eholn\u00ed rodin\u011b p\u0159ipom\u00edn\u00e1me den obl\u00e1\u010dky prvn\u00edch sester na\u0161\u00ed kongregace.P\u0159i t\u00e9hle p\u0159\u00edle\u017eitosti v\u010dera za\u010dala dal\u0161\u00ed etapu sv\u00e9 \u0159eholn\u00ed formace u n\u00e1s na Karmelu Irena, kter\u00e1 se stala postulantkou. Postul\u00e1t je v sou\u010dasnosti obdob\u00ed \u0159eholn\u00ed formace, u kter\u00e9ho se p\u0159edpokl\u00e1d\u00e1 st\u00e1le v\u011bt\u0161\u00ed prostor pro d\u016fkladnou lidskou i duchovn\u00ed formaci k zasv\u011bcen\u00e9mu \u017eivotu. [&hellip;]<\/p>\n","protected":false},"author":13,"featured_media":0,"comment_status":"open","ping_status":"open","sticky":false,"template":"","format":"standard","meta":{"footnotes":""},"categories":[11],"tags":[],"_links":{"self":[{"href":"https:\/\/www.cestanahoru.org\/index.php?rest_route=\/wp\/v2\/posts\/3018"}],"collection":[{"href":"https:\/\/www.cestanahoru.org\/index.php?rest_route=\/wp\/v2\/posts"}],"about":[{"href":"https:\/\/www.cestanahoru.org\/index.php?rest_route=\/wp\/v2\/types\/post"}],"author":[{"embeddable":true,"href":"https:\/\/www.cestanahoru.org\/index.php?rest_route=\/wp\/v2\/users\/13"}],"replies":[{"embeddable":true,"href":"https:\/\/www.cestanahoru.org\/index.php?rest_route=%2Fwp%2Fv2%2Fcomments&post=3018"}],"version-history":[{"count":3,"href":"https:\/\/www.cestanahoru.org\/index.php?rest_route=\/wp\/v2\/posts\/3018\/revisions"}],"predecessor-version":[{"id":3024,"href":"https:\/\/www.cestanahoru.org\/index.php?rest_route=\/wp\/v2\/posts\/3018\/revisions\/3024"}],"wp:attachment":[{"href":"https:\/\/www.cestanahoru.org\/index.php?rest_route=%2Fwp%2Fv2%2Fmedia&parent=3018"}],"wp:term":[{"taxonomy":"category","embeddable":true,"href":"https:\/\/www.cestanahoru.org\/index.php?rest_route=%2Fwp%2Fv2%2Fcategories&post=3018"},{"taxonomy":"post_tag","embeddable":true,"href":"https:\/\/www.cestanahoru.org\/index.php?rest_route=%2Fwp%2Fv2%2Ftags&post=3018"}],"curies":[{"name":"wp","href":"https:\/\/api.w.org\/{rel}","templated":true}]}}