{"id":3036,"date":"2010-07-25T09:46:17","date_gmt":"2010-07-25T08:46:17","guid":{"rendered":"https:\/\/www.cestanahoru.org\/?p=3036"},"modified":"2010-07-25T09:46:17","modified_gmt":"2010-07-25T08:46:17","slug":"luka-terezie-a-podobne-veci","status":"publish","type":"post","link":"https:\/\/www.cestanahoru.org\/?p=3036","title":{"rendered":"Luk\u00e1, Terezie a podobn\u00e9 v\u011bci"},"content":{"rendered":"<p>Nab\u00edz\u00edme mal\u00e9 letn\u00ed zpr\u00e1vy z Karmelu a okol\u00ed:<\/p>\n<p><a href=\"https:\/\/www.cestanahoru.org\/wp-content\/uploads\/p1080016-large-wince.jpg\"><img loading=\"lazy\" decoding=\"async\" class=\"alignleft size-medium wp-image-3037\" title=\"p1080016-large-wince\" src=\"https:\/\/www.cestanahoru.org\/wp-content\/uploads\/p1080016-large-wince-225x300.jpg\" alt=\"p1080016-large-wince\" width=\"95\" height=\"126\" srcset=\"https:\/\/www.cestanahoru.org\/wp-content\/uploads\/p1080016-large-wince-225x300.jpg 225w, https:\/\/www.cestanahoru.org\/wp-content\/uploads\/p1080016-large-wince.jpg 240w\" sizes=\"(max-width: 95px) 100vw, 95px\" \/><\/a>Akademick\u00e9 pr\u00e1zdniny za\u010daly exerciciemi v Kol\u00edn\u011b. U\u017e z jejich n\u00e1zvu (Uspo\u0159\u00e1dat si \u017eivot) je z\u0159ejm\u00e9, \u017ee jde o pom\u011brn\u011b slo\u017eitou z\u00e1le\u017eitost, kter\u00e1 se rozhodn\u011b nem\u016f\u017ee poda\u0159it za jedin\u00fd t\u00fdden, kter\u00fd jsme si k tomu vymezili, nicm\u00e9n\u011b m\u016f\u017ee poskytnout dobr\u00e9 z\u00e1klady a chu\u0165 k nov\u00e9mu za\u010d\u00e1tku, anebo taky hledanou odvahu k rozhodnut\u00ed (jsou toti\u017e ur\u010den\u00e9 p\u0159edev\u0161\u00edm pro ty, kdo se sna\u017e\u00ed rozli\u0161it sv\u00e9 m\u00edsto ve sv\u011bt\u011b). Jde o snad jedin\u00e9 exercicie, ze kter\u00fdch v\u011bt\u0161ina \u00fa\u010dastn\u00edk\u016f odj\u00ed\u017ed\u00ed &#8230; unaven\u00e1 a pom\u011brn\u011b upracovan\u00e1 (nikoliv fyzicky).<\/p>\n<p><!--more--><\/p>\n<p><a href=\"https:\/\/www.cestanahoru.org\/wp-content\/uploads\/p7210198-large-wince.jpg\"><img loading=\"lazy\" decoding=\"async\" class=\"alignleft size-medium wp-image-3038\" title=\"p7210198-large-wince\" src=\"https:\/\/www.cestanahoru.org\/wp-content\/uploads\/p7210198-large-wince-225x300.jpg\" alt=\"p7210198-large-wince\" width=\"108\" height=\"144\" srcset=\"https:\/\/www.cestanahoru.org\/wp-content\/uploads\/p7210198-large-wince-225x300.jpg 225w, https:\/\/www.cestanahoru.org\/wp-content\/uploads\/p7210198-large-wince.jpg 240w\" sizes=\"(max-width: 108px) 100vw, 108px\" \/><\/a>V\u0161echny karmelit\u00e1nsk\u00e9 sv\u00e1tky p\u0159edchoz\u00edch dn\u00ed (tj. od Panny Marie Karmelsk\u00e9, p\u0159es mu\u010dednice z Compi\u00e9gne po Eli\u00e1\u0161e) jsme slavili na Karmelu v Luk\u00e9, kontemplac\u00ed i prac\u00ed, jak ji\u017e bylo avizov\u00e1no.<\/p>\n<p>D\u00edky vl\u00eddn\u00e9 p\u00e9\u010di zdej\u0161\u00ed farnosti jsme se u\u017e mohli ubytovat p\u0159\u00edmo na fa\u0159e v Luk\u00e9, kter\u00e1 bude v budoucnosti mimo jin\u00e9 (proto\u017ee cel\u00fd objekt je sou\u010dasn\u011b i spole\u010densko-vzd\u011bl\u00e1vac\u00edm centrem&#8230;) s\u00eddlem dal\u0161\u00ed komunity sester karmelitek sv. Terezie, d\u00e1-li Hospodin.\u00a0 Zat\u00edm sem budeme z Prahy v\u00edcem\u00e9n\u011b pravideln\u011b doj\u00ed\u017ed\u011bt n\u011bkter\u00e9 v\u00edkendy a budeme spolupracovat s kaplanem Janem, kter\u00fd se na faru nast\u011bhuje v z\u00e1\u0159\u00ed.<\/p>\n<p><a href=\"https:\/\/www.cestanahoru.org\/wp-content\/uploads\/p1010206-large-wince.jpg\"><img loading=\"lazy\" decoding=\"async\" class=\"alignleft size-full wp-image-3039\" title=\"p1010206-large-wince\" src=\"https:\/\/www.cestanahoru.org\/wp-content\/uploads\/p1010206-large-wince.jpg\" alt=\"p1010206-large-wince\" width=\"115\" height=\"86\" \/><\/a>N\u00e1\u0161 lo\u0148sk\u00fd pobyt tady v Luk\u00e9 byl v\u00edce ne\u017e \u010dokoliv jin\u00e9ho napln\u011bn\u00fd fyzickou prac\u00ed, letos se n\u00e1m zd\u00e1lo dobr\u00e9 moci si dop\u0159\u00e1t i trochu v\u00edce karmelit\u00e1nsk\u00e9 spirituality. Proto jsme pracovali jen dopoledne<\/p>\n<p><a href=\"https:\/\/www.cestanahoru.org\/wp-content\/uploads\/p1080560-large-wince.jpg\"><img loading=\"lazy\" decoding=\"async\" class=\"alignleft size-full wp-image-3040\" title=\"p1080560-large-wince\" src=\"https:\/\/www.cestanahoru.org\/wp-content\/uploads\/p1080560-large-wince.jpg\" alt=\"p1080560-large-wince\" width=\"144\" height=\"108\" \/><\/a> (bourala se poru\u0161en\u00e1 z\u00eddka kolem kostela, \u010distily se kameny, aby se pak daly znova pou\u017e\u00edt, p\u0159ipravovala se zahrada sester, gener\u00e1ln\u011b se ukl\u00edzel cel\u00fd d\u016fm&#8230;),a to obvykle za vydatn\u00e9 pomoci\u00a0 n\u011bkter\u00fdch m\u00edstn\u00edch lid\u00ed (ty na t\u00e9hle fotce ale nehledejte \ud83d\ude42 ).<\/p>\n<p><a href=\"https:\/\/www.cestanahoru.org\/wp-content\/uploads\/p1080499-large-wince.jpg\"><img loading=\"lazy\" decoding=\"async\" class=\"alignleft size-thumbnail wp-image-3041\" title=\"p1080499-large-wince\" src=\"https:\/\/www.cestanahoru.org\/wp-content\/uploads\/p1080499-large-wince-150x150.jpg\" alt=\"p1080499-large-wince\" width=\"105\" height=\"105\" \/><\/a>&#8230;zat\u00edmco odpoledne, po celkem nutn\u00e9 siest\u011b jsme se v\u011bnovali \u010detb\u011b posledn\u00edch kapitol z autobiografie Terezie od Je\u017e\u00ed\u0161e, kontemplativn\u00ed a v\u016fbec modlitb\u011b a podobn\u00fdm z\u00e1le\u017eitostem. Pro pravideln\u00e9 \u00fa\u010dastn\u00edky coloro\u010dn\u00ed \u010detby Terezie dod\u00e1v\u00e1me, \u017ee jsme se do\u010detli skute\u010dn\u011b a\u017e do 40. kapitoly&#8230;<\/p>\n<p><a href=\"https:\/\/www.cestanahoru.org\/wp-content\/uploads\/p1080527-large-wince.jpg\"><img loading=\"lazy\" decoding=\"async\" class=\"alignleft size-full wp-image-3042\" title=\"p1080527-large-wince\" src=\"https:\/\/www.cestanahoru.org\/wp-content\/uploads\/p1080527-large-wince.jpg\" alt=\"p1080527-large-wince\" width=\"144\" height=\"108\" \/><\/a>Po\u010det \u00fa\u010dastn\u00edk\u016f se dosti m\u011bnil, rekordu jsme z\u0159ejm\u011b dos\u00e1hli v sobotu dopoledne, kdy jsme se celkem \u00fasp\u011b\u0161n\u011b pokusili nasoukat do budouc\u00edho kl\u00e1\u0161tern\u00edho refekt\u00e1\u0159e zhruba 26 osob.<\/p>\n<p><a href=\"https:\/\/www.cestanahoru.org\/wp-content\/uploads\/p7170065-large-wince.jpg\"><img loading=\"lazy\" decoding=\"async\" class=\"alignleft size-full wp-image-3043\" title=\"p7170065-large-wince\" src=\"https:\/\/www.cestanahoru.org\/wp-content\/uploads\/p7170065-large-wince.jpg\" alt=\"p7170065-large-wince\" width=\"144\" height=\"108\" \/><\/a>V sobotu se s n\u00e1mi mimo jin\u00e9 rozlou\u010dila sestra Raffaella a Irena, kter\u00e9 se vypravily na cestu do italsk\u00e9 Florencie, s prvn\u00ed z nich se zakr\u00e1tko uvid\u00edme, zat\u00edmco Iren\u011b p\u0159ejeme po\u017eehnan\u00fd \u010das dal\u0161\u00ed \u0159eholn\u00ed formace&#8230;<\/p>\n<p>Jsme v\u0161em velmi vd\u011b\u010dn\u00e9 za v\u00fdbornou a milou spole\u010dnost a budeme zv\u011bdav\u00e9, co p\u0159inesou dal\u0161\u00ed dny&#8230;<\/p>\n","protected":false},"excerpt":{"rendered":"<p>Nab\u00edz\u00edme mal\u00e9 letn\u00ed zpr\u00e1vy z Karmelu a okol\u00ed: Akademick\u00e9 pr\u00e1zdniny za\u010daly exerciciemi v Kol\u00edn\u011b. U\u017e z jejich n\u00e1zvu (Uspo\u0159\u00e1dat si \u017eivot) je z\u0159ejm\u00e9, \u017ee jde o pom\u011brn\u011b slo\u017eitou z\u00e1le\u017eitost, kter\u00e1 se rozhodn\u011b nem\u016f\u017ee poda\u0159it za jedin\u00fd t\u00fdden, kter\u00fd jsme si k tomu vymezili, nicm\u00e9n\u011b m\u016f\u017ee poskytnout dobr\u00e9 z\u00e1klady a chu\u0165 k nov\u00e9mu za\u010d\u00e1tku, anebo taky [&hellip;]<\/p>\n","protected":false},"author":11,"featured_media":0,"comment_status":"open","ping_status":"open","sticky":false,"template":"","format":"standard","meta":{"footnotes":""},"categories":[11],"tags":[],"_links":{"self":[{"href":"https:\/\/www.cestanahoru.org\/index.php?rest_route=\/wp\/v2\/posts\/3036"}],"collection":[{"href":"https:\/\/www.cestanahoru.org\/index.php?rest_route=\/wp\/v2\/posts"}],"about":[{"href":"https:\/\/www.cestanahoru.org\/index.php?rest_route=\/wp\/v2\/types\/post"}],"author":[{"embeddable":true,"href":"https:\/\/www.cestanahoru.org\/index.php?rest_route=\/wp\/v2\/users\/11"}],"replies":[{"embeddable":true,"href":"https:\/\/www.cestanahoru.org\/index.php?rest_route=%2Fwp%2Fv2%2Fcomments&post=3036"}],"version-history":[{"count":1,"href":"https:\/\/www.cestanahoru.org\/index.php?rest_route=\/wp\/v2\/posts\/3036\/revisions"}],"predecessor-version":[{"id":3044,"href":"https:\/\/www.cestanahoru.org\/index.php?rest_route=\/wp\/v2\/posts\/3036\/revisions\/3044"}],"wp:attachment":[{"href":"https:\/\/www.cestanahoru.org\/index.php?rest_route=%2Fwp%2Fv2%2Fmedia&parent=3036"}],"wp:term":[{"taxonomy":"category","embeddable":true,"href":"https:\/\/www.cestanahoru.org\/index.php?rest_route=%2Fwp%2Fv2%2Fcategories&post=3036"},{"taxonomy":"post_tag","embeddable":true,"href":"https:\/\/www.cestanahoru.org\/index.php?rest_route=%2Fwp%2Fv2%2Ftags&post=3036"}],"curies":[{"name":"wp","href":"https:\/\/api.w.org\/{rel}","templated":true}]}}