{"id":3688,"date":"2011-05-08T09:55:38","date_gmt":"2011-05-08T08:55:38","guid":{"rendered":"https:\/\/www.cestanahoru.org\/?p=3688"},"modified":"2011-05-08T09:57:03","modified_gmt":"2011-05-08T08:57:03","slug":"jaroslav-med-ii","status":"publish","type":"post","link":"https:\/\/www.cestanahoru.org\/?p=3688","title":{"rendered":"Jaroslav Med II."},"content":{"rendered":"<p><a href=\"https:\/\/www.cestanahoru.org\/wp-content\/uploads\/jaroslav-med.jpg\"><a href=\"https:\/\/www.cestanahoru.org\/wp-content\/uploads\/jaroslav-med.jpg\"><img loading=\"lazy\" decoding=\"async\" class=\"alignleft size-full wp-image-3689\" title=\"jaroslav-med\" src=\"https:\/\/www.cestanahoru.org\/wp-content\/uploads\/jaroslav-med.jpg\" alt=\"jaroslav-med\" width=\"150\" height=\"150\" \/><\/a><\/a> Jak jsme p\u0159ed \u010dasem sl\u00edbili, je\u0161t\u011b jednou se leto\u0161 na ja\u0159e setk\u00e1me na Karmelu s liter\u00e1rn\u00edm historikem a kritikem <strong>Jaroslavem Medem<\/strong>. Bude na\u0161\u00edm hostem <strong>23. kv\u011btna 2011<\/strong> ve 20h.\u00a0 M\u011bli bychom se v\u011bnovat jeho knize <em>Liter\u00e1rn\u00ed \u017eivot ve st\u00ednu Mnichova<\/em>, kter\u00e1 se podle slov autora pokou\u0161\u00ed interpretovat liter\u00e1rn\u00ed situaci druh\u00e9 republiky v \u0161ir\u0161\u00edm kontextu, uk\u00e1zat, z \u010deho vyrostla, a ujasnit si, do jak\u00e9 m\u00edry je opr\u00e1vn\u011bn\u00e9 obvi\u0148ovat \u0159adu katolick\u00fdch autor\u016f t\u00e9 doby z klerofa\u0161ismu.<\/p>\n","protected":false},"excerpt":{"rendered":"<p>Jak jsme p\u0159ed \u010dasem sl\u00edbili, je\u0161t\u011b jednou se leto\u0161 na ja\u0159e setk\u00e1me na Karmelu s liter\u00e1rn\u00edm historikem a kritikem Jaroslavem Medem. Bude na\u0161\u00edm hostem 23. kv\u011btna 2011 ve 20h.\u00a0 M\u011bli bychom se v\u011bnovat jeho knize Liter\u00e1rn\u00ed \u017eivot ve st\u00ednu Mnichova, kter\u00e1 se podle slov autora pokou\u0161\u00ed interpretovat liter\u00e1rn\u00ed situaci druh\u00e9 republiky v \u0161ir\u0161\u00edm kontextu, uk\u00e1zat, [&hellip;]<\/p>\n","protected":false},"author":3,"featured_media":0,"comment_status":"open","ping_status":"open","sticky":false,"template":"","format":"standard","meta":{"footnotes":""},"categories":[5],"tags":[],"_links":{"self":[{"href":"https:\/\/www.cestanahoru.org\/index.php?rest_route=\/wp\/v2\/posts\/3688"}],"collection":[{"href":"https:\/\/www.cestanahoru.org\/index.php?rest_route=\/wp\/v2\/posts"}],"about":[{"href":"https:\/\/www.cestanahoru.org\/index.php?rest_route=\/wp\/v2\/types\/post"}],"author":[{"embeddable":true,"href":"https:\/\/www.cestanahoru.org\/index.php?rest_route=\/wp\/v2\/users\/3"}],"replies":[{"embeddable":true,"href":"https:\/\/www.cestanahoru.org\/index.php?rest_route=%2Fwp%2Fv2%2Fcomments&post=3688"}],"version-history":[{"count":3,"href":"https:\/\/www.cestanahoru.org\/index.php?rest_route=\/wp\/v2\/posts\/3688\/revisions"}],"predecessor-version":[{"id":3691,"href":"https:\/\/www.cestanahoru.org\/index.php?rest_route=\/wp\/v2\/posts\/3688\/revisions\/3691"}],"wp:attachment":[{"href":"https:\/\/www.cestanahoru.org\/index.php?rest_route=%2Fwp%2Fv2%2Fmedia&parent=3688"}],"wp:term":[{"taxonomy":"category","embeddable":true,"href":"https:\/\/www.cestanahoru.org\/index.php?rest_route=%2Fwp%2Fv2%2Fcategories&post=3688"},{"taxonomy":"post_tag","embeddable":true,"href":"https:\/\/www.cestanahoru.org\/index.php?rest_route=%2Fwp%2Fv2%2Ftags&post=3688"}],"curies":[{"name":"wp","href":"https:\/\/api.w.org\/{rel}","templated":true}]}}