{"id":3702,"date":"2011-05-08T10:07:08","date_gmt":"2011-05-08T09:07:08","guid":{"rendered":"https:\/\/www.cestanahoru.org\/?p=3702"},"modified":"2011-05-08T10:07:08","modified_gmt":"2011-05-08T09:07:08","slug":"eucharisticka-oslava-agape-74","status":"publish","type":"post","link":"https:\/\/www.cestanahoru.org\/?p=3702","title":{"rendered":"eucharistick\u00e1 oslava + agap\u00e9"},"content":{"rendered":"<p>kde: Karmel Edith Steinov\u00e9<\/p>\n<p>celebruje: Prokop Bro\u017e (KTF UK)<\/p>\n","protected":false},"excerpt":{"rendered":"<p>kde: Karmel Edith Steinov\u00e9 celebruje: Prokop Bro\u017e (KTF UK)<\/p>\n","protected":false},"author":1,"featured_media":0,"comment_status":"open","ping_status":"open","sticky":false,"template":"","format":"standard","meta":{"footnotes":""},"categories":[6],"tags":[],"_links":{"self":[{"href":"https:\/\/www.cestanahoru.org\/index.php?rest_route=\/wp\/v2\/posts\/3702"}],"collection":[{"href":"https:\/\/www.cestanahoru.org\/index.php?rest_route=\/wp\/v2\/posts"}],"about":[{"href":"https:\/\/www.cestanahoru.org\/index.php?rest_route=\/wp\/v2\/types\/post"}],"author":[{"embeddable":true,"href":"https:\/\/www.cestanahoru.org\/index.php?rest_route=\/wp\/v2\/users\/1"}],"replies":[{"embeddable":true,"href":"https:\/\/www.cestanahoru.org\/index.php?rest_route=%2Fwp%2Fv2%2Fcomments&post=3702"}],"version-history":[{"count":1,"href":"https:\/\/www.cestanahoru.org\/index.php?rest_route=\/wp\/v2\/posts\/3702\/revisions"}],"predecessor-version":[{"id":3703,"href":"https:\/\/www.cestanahoru.org\/index.php?rest_route=\/wp\/v2\/posts\/3702\/revisions\/3703"}],"wp:attachment":[{"href":"https:\/\/www.cestanahoru.org\/index.php?rest_route=%2Fwp%2Fv2%2Fmedia&parent=3702"}],"wp:term":[{"taxonomy":"category","embeddable":true,"href":"https:\/\/www.cestanahoru.org\/index.php?rest_route=%2Fwp%2Fv2%2Fcategories&post=3702"},{"taxonomy":"post_tag","embeddable":true,"href":"https:\/\/www.cestanahoru.org\/index.php?rest_route=%2Fwp%2Fv2%2Ftags&post=3702"}],"curies":[{"name":"wp","href":"https:\/\/api.w.org\/{rel}","templated":true}]}}