{"id":3846,"date":"2011-07-13T10:24:28","date_gmt":"2011-07-13T09:24:28","guid":{"rendered":"https:\/\/www.cestanahoru.org\/?p=3846"},"modified":"2011-07-14T20:08:59","modified_gmt":"2011-07-14T19:08:59","slug":"z-listu-sv-terezie-andske","status":"publish","type":"post","link":"https:\/\/www.cestanahoru.org\/?p=3846","title":{"rendered":"Z list\u016f sv. Terezie Andsk\u00e9"},"content":{"rendered":"<p><em>Dnes si na Karmelu p\u0159ipom\u00edn\u00e1me jihoamerickou bosou karmelitku sv. Terezii od Je\u017e\u00ed\u0161e (Andskou). Na jin\u00e9m m\u00edst\u011b na t\u011bchto str\u00e1nk\u00e1ch jsme nab\u00eddli jej\u00ed stru\u010dn\u00fd \u017eivotopisn\u00fd portr\u00e9t, dnes p\u0159ipojujeme p\u0159eklad jednoho z jej\u00edch dopis\u016f o modlitb\u011b.<\/em><\/p>\n<p style=\"text-align: left;\"><em><a href=\"https:\/\/www.cestanahoru.org\/wp-content\/uploads\/st-teresa-of-the-andes.jpg\"><img loading=\"lazy\" decoding=\"async\" class=\"alignleft size-thumbnail wp-image-3849\" title=\"st-teresa-of-the-andes\" src=\"https:\/\/www.cestanahoru.org\/wp-content\/uploads\/st-teresa-of-the-andes-150x110.jpg\" alt=\"st-teresa-of-the-andes\" width=\"105\" height=\"77\" \/><\/a><\/em>Mil\u00e1 sest\u0159i\u010dko,<br \/>\nnapsala jsi mi, abych ti \u0159ekla n\u011bco o karmelitk\u00e1ch&#8230; ud\u011bl\u00e1m to p\u0159\u00ed\u0161t\u011b, proto\u017ee vid\u00edm, \u017ee nejd\u0159\u00edve je t\u0159eba, aby ses rozhodla pat\u0159it Bohu. On ti pak \u0159ekne, kde mu m\u00e1\u0161 slou\u017eit. V\u0161ude m\u016f\u017ee\u0161 b\u00fdt svat\u00e1, kdy\u017e se bude\u0161 dokonale dr\u017eet \u0159ehole&#8230;<br \/>\nNapsalas mi, \u017ee chce\u0161 b\u00fdt Bo\u017e\u00ed dome\u010dek. To m\u011b moc t\u011b\u0161\u00ed, vid\u011bt, \u017ee si to p\u0159eje\u0161. Sestra Al\u017eb\u011bta od Trojice \u0159\u00edkala, \u017ee \u201eB\u016fh je nebe a B\u016fh je v m\u00e9 du\u0161i.&#8220; \u010cili nebe m\u00e1me v na\u0161\u00ed du\u0161i. Dobr\u00e1, a  \u010d\u00edm se \u010dlov\u011bk zab\u00fdv\u00e1 v nebi? Milov\u00e1n\u00edm, kontemplac\u00ed a oslavou Boha. <!--more-->To je to, co bychom se m\u011bli sna\u017eit d\u011blat: p\u0159edev\u0161\u00edm ho milovat. Ten, kdo st\u00e1le miluje, mysl\u00ed na sv\u00e9ho mil\u00e9ho. Mysleme st\u00e1le na N\u011bj &#8211; ale proto\u017ee je to nemo\u017en\u00e9, sna\u017eme se na n\u011bj alespo\u0148 myslet \u010dasto a kontemplujme ho v hlubin\u00e1ch na\u0161\u00ed du\u0161e, spojen\u00e9ho s n\u00e1mi. Kontemplujme ho, jak se modl\u00ed k v\u011b\u010dn\u00e9mu Otce za du\u0161e a za h\u0159\u00ed\u0161n\u00edky, a p\u0159ipojme se k jeho bo\u017esk\u00e9 modlitb\u011b. Kontemplujme ho, jak pracuje po na\u0161em boku. V t\u00e9hle chv\u00edli se d\u00edv\u00e1m, jak je se mnou p\u0159i m\u00e9m psan\u00ed. Kontemplujme ho &#8211; \u0159\u00edk\u00e1 svat\u00e1 Terezie &#8211; radostn\u00e9ho jako na ho\u0159e T\u00e1bor, jestli\u017ee jsme zrovna vesel\u00e9; smutn\u00e9ho v Zahrad\u011b, kdy\u017e budeme smutn\u00e9 a tak d\u00e1le. Kontemplujme ho ve stvo\u0159en\u00ed. Bude tak pro n\u00e1s snaz\u0161\u00ed milovat. Jestli\u017ee n\u00e1s n\u011bkdo poko\u0159uje, snesme to pro N\u011bj. Jestli n\u00e1s chv\u00e1l\u00ed, je to d\u00edky n\u011bmu. Jestli\u017ee slou\u017e\u00edme, slou\u017e\u00edme Jemu a tak d\u00e1le. Du\u0161e tak nabyde prostoty a sjednot\u00ed se s n\u00edm, bude na n\u011bj st\u00e1le myslet a st\u00e1le na n\u011bho pat\u0159it. Kone\u010dn\u011b, v nebi se p\u011bj\u00ed chv\u00e1ly a oslavuje jeho d\u00edlo &#8211; bu\u010fme tedy jako Al\u017eb\u011bta od Trojice chv\u00e1lou Jeho sl\u00e1vy. To znamen\u00e1, d\u011blejme v\u0161echno pro l\u00e1sku, volme v\u017edy to dokonalej\u0161\u00ed, tak aby druz\u00ed, kdy\u017e n\u00e1s vid\u00ed, mohli \u0159\u00edci \u201ejak je ctnostn\u00e1.&#8220; A komu je ur\u010dena oslava na\u0161\u00ed ctnosti, kdy\u017e ne Bohu, je to p\u0159ece on, kter\u00fd ji v n\u00e1s p\u016fsob\u00ed! Samy nic nezm\u016f\u017eeme. Sna\u017eme se ve v\u0161em, co d\u011bl\u00e1me, usilovat o sl\u00e1vu Bo\u017e\u00ed a d\u011blat to z l\u00e1sky z N\u011bmu, tak budou na\u0161e d\u00edla ryz\u00ed, proto\u017ee u\u010din\u011bn\u00e1 j\u00edm, v n\u011bm a pro n\u011bj. Jestli budou na\u0161e skutky ryz\u00ed, i my samy budeme ryz\u00ed &#8211; tak bude n\u00e1s P\u00e1n spokojen\u011b p\u0159eb\u00fdvat v na\u0161ich du\u0161\u00edch. Kdy\u017e budeme takto \u017e\u00edt, budeme \u017e\u00edt u\u017e na zemi jako v nebi. A jak bychom mohli l\u00e9pe Bohu uk\u00e1zat na\u0161i l\u00e1sku, ne\u017e kdy\u017e u n\u00e1s nalezne nebe na zemi? B\u016fh a\u0165 je p\u00e1nem na\u0161\u00ed du\u0161e, na\u0161eho dome\u010dku. P\u00e1n domu pos\u00edl\u00e1 a bd\u00ed nad domem a v\u0161ichni ho poslouchaj\u00ed a \u0159\u00edd\u00ed se jeho m\u00edn\u011bn\u00edm. Ud\u011blejme to tak\u00e9 tak.<br \/>\nV nebi se v\u017edy d\u011bje v\u016fle Bo\u017e\u00ed, tak\u017ee n\u00e1s P\u00e1n nau\u010dil \u0159\u00edkat \u201ebu\u010f v\u016fle tv\u00e1 jako v nebi tak i na zemi&#8220;. Jestli ti m\u00e1m up\u0159\u00edmn\u011b \u0159\u00edct &#8211; zku\u0161enost m\u011b tomu nau\u010dila &#8211; \u017ee jestli by se n\u011bco Bohu opravdu l\u00edbilo, tak kdybychom se \u00fapln\u011b odevzdaly jeho bo\u017esk\u00e9 v\u016fli, ale tak, m\u00e1 mil\u00e1 sest\u0159i\u010dko, \u017ee bychom nesvedly \u0159\u00edct &#8222;chci&#8220;, proto\u017ee jsme na\u0161e cht\u011bn\u00ed p\u0159enechaly Bohu. Nap\u0159\u00edklad, kdy\u017e chceme j\u00edt ven: \u201ePane, jestli\u017ee ty si to p\u0159eje\u0161, p\u016fjdu, jestli\u017ee ne, z\u016fstanu tady a budu spokojen\u00e1.&#8220; A jestli\u017ee naopak bychom m\u011bly j\u00edt ven, ale nechce se n\u00e1m: \u201eJak ty chce\u0161, p\u016fjdu r\u00e1da, proto\u017ee mi to pom\u016f\u017ee v l\u00e1sce.&#8220;<br \/>\nKdy\u017e pros\u00edme za na\u0161e rodiny a za n\u00e1s samotn\u00e9, \u0159\u00edkejme st\u00e1le: \u201eTyhle bytosti miluji v Tob\u011b, Ty vid\u00ed\u0161 jejich pot\u0159eby. Jestli chce\u0161, Pane, pomoz jim.&#8220; A z\u016fst\u00e1vejme pokojn\u00e9 v jeho bo\u017esk\u00e9 v\u016fli. Neproste o nic, ale \u0159\u00edkejte mu \u201edej mi to, co ty chce\u0161.&#8220; To je v\u011bt\u0161\u00ed sl\u00e1va Bo\u017e\u00ed a nechci ne\u017e ji, ale ob\u010das si ani neuv\u011bdom\u00edme, \u017ee pros\u00edme o n\u011bco jin\u00e9ho, pak tedy p\u0159ipojte \u201ene, Pane, jak j\u00e1 chci, ale co chce\u0161 ty.&#8220;<br \/>\nNapi\u0161 mi tak\u00e9, jestli se modl\u00ed\u0161 a jak dlouho. Pod\u00edvej se d\u016fkladn\u011b tak\u00e9 na to, jak se modl\u00ed\u0161 a zapi\u0161 si vnuknut\u00ed, kter\u00e9 jsi v modlitb\u011b od P\u00e1na dostala, aby ses k nim mohla vr\u00e1tit a nezapomn\u011bla na n\u011b. Kdy\u017e se t\u011b n\u011bkdy moje listy dotknou, sest\u0159i\u010dko, odpus\u0165 mi a modli se, abych naplnila, o \u010dem tu mluv\u00edm, jestli\u017ee si B\u016fh bude p\u0159\u00e1t, abych to pro tebe ud\u011blala.<br \/>\nByly jsme na kr\u00e1sn\u00e9 proj\u00ed\u017e\u010fce na kon\u00edch. Byly jsme velmi daleko na jednom velmi malebn\u00e9m m\u00edst\u011b. Z\u00edtra mo\u017en\u00e1 pojedeme na \u0159eku. V\u0161echno, co vid\u00edm kolem sebe, mne vede k l\u00e1sce k Je\u017e\u00ed\u0161ovi, kter\u00fd to v\u0161echno stvo\u0159il, vede m\u011b to k oslav\u011b jeho d\u00edla.<br \/>\nModl\u00edm se za tvoji babi\u010dku. Jak se m\u00e1? K\u00e9\u017e by, bude-li si B\u016fh p\u0159\u00e1t, se j\u00ed da\u0159ilo l\u00e9pe. Sjednocen\u00e1 s tebou v Srdci Je\u017e\u00ed\u0161ov\u011b<br \/>\nSbohem, dome\u010dku Bo\u017e\u00ed,<br \/>\nJuana<\/p>\n","protected":false},"excerpt":{"rendered":"<p>Dnes si na Karmelu p\u0159ipom\u00edn\u00e1me jihoamerickou bosou karmelitku sv. Terezii od Je\u017e\u00ed\u0161e (Andskou). Na jin\u00e9m m\u00edst\u011b na t\u011bchto str\u00e1nk\u00e1ch jsme nab\u00eddli jej\u00ed stru\u010dn\u00fd \u017eivotopisn\u00fd portr\u00e9t, dnes p\u0159ipojujeme p\u0159eklad jednoho z jej\u00edch dopis\u016f o modlitb\u011b. Mil\u00e1 sest\u0159i\u010dko, napsala jsi mi, abych ti \u0159ekla n\u011bco o karmelitk\u00e1ch&#8230; ud\u011bl\u00e1m to p\u0159\u00ed\u0161t\u011b, proto\u017ee vid\u00edm, \u017ee nejd\u0159\u00edve je t\u0159eba, aby [&hellip;]<\/p>\n","protected":false},"author":3,"featured_media":0,"comment_status":"open","ping_status":"open","sticky":false,"template":"","format":"standard","meta":{"footnotes":""},"categories":[4],"tags":[],"_links":{"self":[{"href":"https:\/\/www.cestanahoru.org\/index.php?rest_route=\/wp\/v2\/posts\/3846"}],"collection":[{"href":"https:\/\/www.cestanahoru.org\/index.php?rest_route=\/wp\/v2\/posts"}],"about":[{"href":"https:\/\/www.cestanahoru.org\/index.php?rest_route=\/wp\/v2\/types\/post"}],"author":[{"embeddable":true,"href":"https:\/\/www.cestanahoru.org\/index.php?rest_route=\/wp\/v2\/users\/3"}],"replies":[{"embeddable":true,"href":"https:\/\/www.cestanahoru.org\/index.php?rest_route=%2Fwp%2Fv2%2Fcomments&post=3846"}],"version-history":[{"count":5,"href":"https:\/\/www.cestanahoru.org\/index.php?rest_route=\/wp\/v2\/posts\/3846\/revisions"}],"predecessor-version":[{"id":3848,"href":"https:\/\/www.cestanahoru.org\/index.php?rest_route=\/wp\/v2\/posts\/3846\/revisions\/3848"}],"wp:attachment":[{"href":"https:\/\/www.cestanahoru.org\/index.php?rest_route=%2Fwp%2Fv2%2Fmedia&parent=3846"}],"wp:term":[{"taxonomy":"category","embeddable":true,"href":"https:\/\/www.cestanahoru.org\/index.php?rest_route=%2Fwp%2Fv2%2Fcategories&post=3846"},{"taxonomy":"post_tag","embeddable":true,"href":"https:\/\/www.cestanahoru.org\/index.php?rest_route=%2Fwp%2Fv2%2Ftags&post=3846"}],"curies":[{"name":"wp","href":"https:\/\/api.w.org\/{rel}","templated":true}]}}