{"id":3853,"date":"2011-07-21T17:15:11","date_gmt":"2011-07-21T16:15:11","guid":{"rendered":"https:\/\/www.cestanahoru.org\/?p=3853"},"modified":"2011-07-21T17:15:11","modified_gmt":"2011-07-21T16:15:11","slug":"velkolepy-vesmir","status":"publish","type":"post","link":"https:\/\/www.cestanahoru.org\/?p=3853","title":{"rendered":"Velkolep\u00fd vesm\u00edr"},"content":{"rendered":"<p>\u010c\u00edm v\u00edce pozn\u00e1v\u00e1me vesm\u00edr, t\u00edm v\u00edce si uv\u011bdomujeme jeho velikost. Ta n\u00e1s n\u011bkdy ub\u00edj\u00ed, jindy povzn\u00e1\u0161\u00ed. <strong>Pavel G\u00e1bor<\/strong> SJ z Vatik\u00e1nsk\u00e9 observato\u0159e zve ve \u010dtvrtek 28. \u010dervence od 18:30 hod. ke kr\u00e1tk\u00e9mu setrv\u00e1n\u00ed u t\u011bchto rozporupln\u00fdch rozpolo\u017een\u00ed. Bude se jednat o cestu k lep\u0161\u00edmu pozn\u00e1n\u00ed vesm\u00edru kolem n\u00e1s, ale i hnut\u00ed sv\u00e9ho vlastn\u00edho srdce. M\u00edstem kon\u00e1n\u00ed je u\u010debna Ign\u00e1ce Raaba na dvo\u0159e jezuitsk\u00e9 rezidence.<\/p>\n","protected":false},"excerpt":{"rendered":"<p>\u010c\u00edm v\u00edce pozn\u00e1v\u00e1me vesm\u00edr, t\u00edm v\u00edce si uv\u011bdomujeme jeho velikost. Ta n\u00e1s n\u011bkdy ub\u00edj\u00ed, jindy povzn\u00e1\u0161\u00ed. Pavel G\u00e1bor SJ z Vatik\u00e1nsk\u00e9 observato\u0159e zve ve \u010dtvrtek 28. \u010dervence od 18:30 hod. ke kr\u00e1tk\u00e9mu setrv\u00e1n\u00ed u t\u011bchto rozporupln\u00fdch rozpolo\u017een\u00ed. Bude se jednat o cestu k lep\u0161\u00edmu pozn\u00e1n\u00ed vesm\u00edru kolem n\u00e1s, ale i hnut\u00ed sv\u00e9ho vlastn\u00edho srdce. M\u00edstem [&hellip;]<\/p>\n","protected":false},"author":11,"featured_media":0,"comment_status":"open","ping_status":"open","sticky":false,"template":"","format":"standard","meta":{"footnotes":""},"categories":[11],"tags":[],"_links":{"self":[{"href":"https:\/\/www.cestanahoru.org\/index.php?rest_route=\/wp\/v2\/posts\/3853"}],"collection":[{"href":"https:\/\/www.cestanahoru.org\/index.php?rest_route=\/wp\/v2\/posts"}],"about":[{"href":"https:\/\/www.cestanahoru.org\/index.php?rest_route=\/wp\/v2\/types\/post"}],"author":[{"embeddable":true,"href":"https:\/\/www.cestanahoru.org\/index.php?rest_route=\/wp\/v2\/users\/11"}],"replies":[{"embeddable":true,"href":"https:\/\/www.cestanahoru.org\/index.php?rest_route=%2Fwp%2Fv2%2Fcomments&post=3853"}],"version-history":[{"count":1,"href":"https:\/\/www.cestanahoru.org\/index.php?rest_route=\/wp\/v2\/posts\/3853\/revisions"}],"predecessor-version":[{"id":3854,"href":"https:\/\/www.cestanahoru.org\/index.php?rest_route=\/wp\/v2\/posts\/3853\/revisions\/3854"}],"wp:attachment":[{"href":"https:\/\/www.cestanahoru.org\/index.php?rest_route=%2Fwp%2Fv2%2Fmedia&parent=3853"}],"wp:term":[{"taxonomy":"category","embeddable":true,"href":"https:\/\/www.cestanahoru.org\/index.php?rest_route=%2Fwp%2Fv2%2Fcategories&post=3853"},{"taxonomy":"post_tag","embeddable":true,"href":"https:\/\/www.cestanahoru.org\/index.php?rest_route=%2Fwp%2Fv2%2Ftags&post=3853"}],"curies":[{"name":"wp","href":"https:\/\/api.w.org\/{rel}","templated":true}]}}