{"id":3855,"date":"2011-07-23T19:14:40","date_gmt":"2011-07-23T18:14:40","guid":{"rendered":"https:\/\/www.cestanahoru.org\/?p=3855"},"modified":"2011-07-23T19:14:40","modified_gmt":"2011-07-23T18:14:40","slug":"co-chystame-2","status":"publish","type":"post","link":"https:\/\/www.cestanahoru.org\/?p=3855","title":{"rendered":"Co chyst\u00e1me&#8230;"},"content":{"rendered":"<p>S nov\u00fdm akademick\u00fdm rokem z\u016fstanou u n\u00e1s na Karmelu zachov\u00e1ny pravideln\u00e9 aktivity jako je pond\u011bln\u00ed studentsk\u00e1 m\u0161e v 19h, nebo \u00fatern\u00ed tich\u00e1 meditace v krypt\u011b. <em>Cyklus \u010detby z klasik\u016f <\/em>duchovn\u00ed literatury se bude v\u011bnovat textu <strong>V\u00fdstup na horu Karmel<\/strong>, jeho autorem je \u0161pan\u011blsk\u00fd barokn\u00ed mystik Jan od K\u0159\u00ed\u017ee. V podzimn\u00edch m\u011bs\u00edc\u00edch bychom tak\u00e9 r\u00e1di uskute\u010dnili dal\u0161\u00ed <em>autorsk\u00fd ve\u010der<\/em>, tentokr\u00e1t na t\u00e9ma <strong>\u00dahel pohledu<\/strong> (datum up\u0159esn\u00edme).\u00a0 V listopadu bude tradi\u010dn\u00ed Ka\u0161tanov\u00e9 posv\u00edcen\u00ed a jednu z podzimn\u00edch sobot jsme op\u011bt vyhradili jednodenn\u00edm rekolekc\u00edm s filmem<strong> \u010carost\u0159elec<\/strong> (Ma\u010farsko 1994). <!--more--><\/p>\n<p>P\u0159ipravujeme tak\u00e9 pokra\u010dov\u00e1n\u00ed cyklu v\u011bnovan\u00e9ho t\u011bm, kdo se trochu v\u00e1\u017en\u011bji zab\u00fdvaj\u00ed my\u0161lenkou na zasv\u011bcen\u00fd \u017eivot, tentokr\u00e1t p\u016fjde o <em>\u010dty\u0159i tematicky odli\u0161n\u00e1 setk\u00e1n\u00ed<\/em>. Prvn\u00ed se bude v\u011bnovat z\u00e1kladn\u00edm form\u00e1m a tradic\u00edm zasv\u011bcen\u00e9ho \u017eivota v d\u011bjin\u00e1ch i dnes a bude se konat na konci z\u00e1\u0159\u00ed na na\u0161em ko\u0161\u00ed\u0159sk\u00e9m Karmelu v Praze (24.-28.9.). Druh\u00e9 se bude konat v listopadu v Kol\u00edn\u011b (16.-20.11.), zam\u011b\u0159\u00edme se na rozp\u011bt\u00ed \u017eivota mezi samotou a \u017eivotem s druh\u00fdmi lidmi. T\u0159et\u00ed setk\u00e1n\u00ed se bude konat v kv\u011btnu 2012 v Kol\u00edn\u011b (5.-8.5.), na t\u00e9ma &#8222;mezi modlitbou a \u010dinnost\u00ed&#8220;. \u010ctvrt\u00e9 setk\u00e1n\u00ed, letn\u00ed, je\u0161t\u011b up\u0159esn\u00edme. Konec mal\u00e9ho letn\u00edho hl\u00e1\u0161en\u00ed \ud83d\ude42<\/p>\n","protected":false},"excerpt":{"rendered":"<p>S nov\u00fdm akademick\u00fdm rokem z\u016fstanou u n\u00e1s na Karmelu zachov\u00e1ny pravideln\u00e9 aktivity jako je pond\u011bln\u00ed studentsk\u00e1 m\u0161e v 19h, nebo \u00fatern\u00ed tich\u00e1 meditace v krypt\u011b. Cyklus \u010detby z klasik\u016f duchovn\u00ed literatury se bude v\u011bnovat textu V\u00fdstup na horu Karmel, jeho autorem je \u0161pan\u011blsk\u00fd barokn\u00ed mystik Jan od K\u0159\u00ed\u017ee. V podzimn\u00edch m\u011bs\u00edc\u00edch bychom tak\u00e9 r\u00e1di uskute\u010dnili [&hellip;]<\/p>\n","protected":false},"author":13,"featured_media":0,"comment_status":"open","ping_status":"open","sticky":false,"template":"","format":"standard","meta":{"footnotes":""},"categories":[11],"tags":[],"_links":{"self":[{"href":"https:\/\/www.cestanahoru.org\/index.php?rest_route=\/wp\/v2\/posts\/3855"}],"collection":[{"href":"https:\/\/www.cestanahoru.org\/index.php?rest_route=\/wp\/v2\/posts"}],"about":[{"href":"https:\/\/www.cestanahoru.org\/index.php?rest_route=\/wp\/v2\/types\/post"}],"author":[{"embeddable":true,"href":"https:\/\/www.cestanahoru.org\/index.php?rest_route=\/wp\/v2\/users\/13"}],"replies":[{"embeddable":true,"href":"https:\/\/www.cestanahoru.org\/index.php?rest_route=%2Fwp%2Fv2%2Fcomments&post=3855"}],"version-history":[{"count":2,"href":"https:\/\/www.cestanahoru.org\/index.php?rest_route=\/wp\/v2\/posts\/3855\/revisions"}],"predecessor-version":[{"id":3858,"href":"https:\/\/www.cestanahoru.org\/index.php?rest_route=\/wp\/v2\/posts\/3855\/revisions\/3858"}],"wp:attachment":[{"href":"https:\/\/www.cestanahoru.org\/index.php?rest_route=%2Fwp%2Fv2%2Fmedia&parent=3855"}],"wp:term":[{"taxonomy":"category","embeddable":true,"href":"https:\/\/www.cestanahoru.org\/index.php?rest_route=%2Fwp%2Fv2%2Fcategories&post=3855"},{"taxonomy":"post_tag","embeddable":true,"href":"https:\/\/www.cestanahoru.org\/index.php?rest_route=%2Fwp%2Fv2%2Ftags&post=3855"}],"curies":[{"name":"wp","href":"https:\/\/api.w.org\/{rel}","templated":true}]}}