{"id":4257,"date":"2012-01-13T12:36:51","date_gmt":"2012-01-13T11:36:51","guid":{"rendered":"https:\/\/www.cestanahoru.org\/?p=4257"},"modified":"2012-01-13T12:36:51","modified_gmt":"2012-01-13T11:36:51","slug":"temna-noc","status":"publish","type":"post","link":"https:\/\/www.cestanahoru.org\/?p=4257","title":{"rendered":"Temn\u00e1 noc"},"content":{"rendered":"<p><a href=\"https:\/\/www.cestanahoru.org\/wp-content\/uploads\/1989-La-noche-oscura-Carlos-Saura-esp-1.jpg\"><img loading=\"lazy\" decoding=\"async\" class=\"alignleft size-medium wp-image-4258\" title=\"1989-La-noche-oscura-Carlos-Saura-esp-1\" src=\"https:\/\/www.cestanahoru.org\/wp-content\/uploads\/1989-La-noche-oscura-Carlos-Saura-esp-1-212x300.jpg\" alt=\"\" width=\"127\" height=\"180\" srcset=\"https:\/\/www.cestanahoru.org\/wp-content\/uploads\/1989-La-noche-oscura-Carlos-Saura-esp-1-212x300.jpg 212w, https:\/\/www.cestanahoru.org\/wp-content\/uploads\/1989-La-noche-oscura-Carlos-Saura-esp-1.jpg 425w\" sizes=\"(max-width: 127px) 100vw, 127px\" \/><\/a> V <strong>pond\u011bl\u00ed 16. ledna 2012<\/strong> nab\u00edz\u00edme u n\u00e1s na Karmelu nam\u00edsto n\u00e1v\u0161t\u011bvy mal\u00fdch sester Je\u017e\u00ed\u0161ov\u00fdch Saur\u016fv film o sv. Janovi od K\u0159\u00ed\u017ee, <em>La noche oscura<\/em> (1989). Film se v\u011bnuje kl\u00ed\u010dov\u00e9 epizod\u011b z jeho \u017eivota: jedn\u00e9 prosincov\u00e9 noci r. 1577 je s obvin\u011bn\u00edm z bu\u0159i\u010dstv\u00ed uv\u011bzn\u011bn vlastn\u00edmi spolubratry a souzen za neposlu\u0161nost.\u00a0 B\u011bhem dlouh\u00fdch m\u011bs\u00edc\u016f pobytu v izolovan\u00e9 temn\u00e9 cele je trest\u00e1n \u0159\u00e1dov\u00fdmi bratry i pron\u00e1sledov\u00e1n vlastn\u00edmi d\u00e9mony, p\u0159itom se odehr\u00e1v\u00e1 paraleln\u00ed drama cesty velk\u00e9ho tv\u016fr\u010d\u00edho z\u00e1pasu, kter\u00e1 by m\u011bla Juana dov\u00e9st ke svobod\u011b&#8230; (sd)<\/p>\n","protected":false},"excerpt":{"rendered":"<p>V pond\u011bl\u00ed 16. ledna 2012 nab\u00edz\u00edme u n\u00e1s na Karmelu nam\u00edsto n\u00e1v\u0161t\u011bvy mal\u00fdch sester Je\u017e\u00ed\u0161ov\u00fdch Saur\u016fv film o sv. Janovi od K\u0159\u00ed\u017ee, La noche oscura (1989). Film se v\u011bnuje kl\u00ed\u010dov\u00e9 epizod\u011b z jeho \u017eivota: jedn\u00e9 prosincov\u00e9 noci r. 1577 je s obvin\u011bn\u00edm z bu\u0159i\u010dstv\u00ed uv\u011bzn\u011bn vlastn\u00edmi spolubratry a souzen za neposlu\u0161nost.\u00a0 B\u011bhem dlouh\u00fdch m\u011bs\u00edc\u016f pobytu [&hellip;]<\/p>\n","protected":false},"author":3,"featured_media":0,"comment_status":"open","ping_status":"open","sticky":false,"template":"","format":"standard","meta":{"footnotes":""},"categories":[15,4],"tags":[],"_links":{"self":[{"href":"https:\/\/www.cestanahoru.org\/index.php?rest_route=\/wp\/v2\/posts\/4257"}],"collection":[{"href":"https:\/\/www.cestanahoru.org\/index.php?rest_route=\/wp\/v2\/posts"}],"about":[{"href":"https:\/\/www.cestanahoru.org\/index.php?rest_route=\/wp\/v2\/types\/post"}],"author":[{"embeddable":true,"href":"https:\/\/www.cestanahoru.org\/index.php?rest_route=\/wp\/v2\/users\/3"}],"replies":[{"embeddable":true,"href":"https:\/\/www.cestanahoru.org\/index.php?rest_route=%2Fwp%2Fv2%2Fcomments&post=4257"}],"version-history":[{"count":1,"href":"https:\/\/www.cestanahoru.org\/index.php?rest_route=\/wp\/v2\/posts\/4257\/revisions"}],"predecessor-version":[{"id":4259,"href":"https:\/\/www.cestanahoru.org\/index.php?rest_route=\/wp\/v2\/posts\/4257\/revisions\/4259"}],"wp:attachment":[{"href":"https:\/\/www.cestanahoru.org\/index.php?rest_route=%2Fwp%2Fv2%2Fmedia&parent=4257"}],"wp:term":[{"taxonomy":"category","embeddable":true,"href":"https:\/\/www.cestanahoru.org\/index.php?rest_route=%2Fwp%2Fv2%2Fcategories&post=4257"},{"taxonomy":"post_tag","embeddable":true,"href":"https:\/\/www.cestanahoru.org\/index.php?rest_route=%2Fwp%2Fv2%2Ftags&post=4257"}],"curies":[{"name":"wp","href":"https:\/\/api.w.org\/{rel}","templated":true}]}}