{"id":4436,"date":"2012-04-02T18:52:16","date_gmt":"2012-04-02T16:52:16","guid":{"rendered":"https:\/\/www.cestanahoru.org\/?p=4436"},"modified":"2012-04-02T18:52:52","modified_gmt":"2012-04-02T16:52:52","slug":"rozjimani-pro-svaty-tyden","status":"publish","type":"post","link":"https:\/\/www.cestanahoru.org\/?p=4436","title":{"rendered":"Rozj\u00edm\u00e1n\u00ed pro Svat\u00fd t\u00fdden"},"content":{"rendered":"<p><em>Dovol\u00edme si nab\u00eddnout k meditaci a hlub\u0161\u00edmu setk\u00e1n\u00ed s tajemstv\u00edm tohoto t\u00fddne n\u011bkolik \u00faryvk\u016f z textu Rozj\u00edm\u00e1n\u00ed podle Exercici\u00ed sv. Ign\u00e1ce, jeho\u017e autorem je K. Rahner:<\/em><\/p>\n<p><a href=\"https:\/\/www.cestanahoru.org\/wp-content\/uploads\/%C4%8D.-78-O.-Guttfreun-%C3%9Azkost-detail-katsalog-k-v%C3%BDstav%C4%9B.jpg\"><img loading=\"lazy\" decoding=\"async\" class=\"alignleft size-thumbnail wp-image-4437\" title=\"\u010d. 78, O. Guttfreun \u00dazkost, detail katsalog k v\u00fdstav\u011b\" src=\"https:\/\/www.cestanahoru.org\/wp-content\/uploads\/%C4%8D.-78-O.-Guttfreun-%C3%9Azkost-detail-katsalog-k-v%C3%BDstav%C4%9B-150x150.jpg\" alt=\"\" width=\"105\" height=\"105\" \/><\/a>Sm\u00edme zcela up\u0159\u00edmn\u011b \u0159\u00edci: V\u00a0Getsemanech, v\u00a0noci p\u0159ed svou ho\u0159kou smrt\u00ed, sestupuje Bo\u017e\u00ed Syn a\u017e na dno lidsk\u00e9ho byt\u00ed, do temnot smrteln\u00e9 \u00fazkosti t\u00edm, \u017ee se s\u00a0celou l\u00e1skou d\u00e1v\u00e1 a podrobuje nevyzpytateln\u00fdm Otcov\u00fdm \u00faradk\u016fm. V\u00ed, \u017ee na n\u011bho p\u0159ijde hr\u016fza a \u017ee ho p\u0159em\u016f\u017ee, \u017ee z\u00a0odvahy, s\u00a0n\u00ed\u017e v\u0161e p\u0159ij\u00edm\u00e1, vzejde opak, \u017ee s\u00edla klesne do slabosti, odvaha v\u00a0bezmocnost, obla\u017euj\u00edc\u00ed l\u00e1ska k\u00a0Otci v\u00a0p\u0159eho\u0159kou opu\u0161t\u011bnost od Boha.<!--more--><\/p>\n<p>V\u00a0Getsemanech dos\u00e1hl z\u00e1kon sv\u00e9ho d\u011bjinn\u00e9ho vrcholu. Domn\u00edvali bychom se vlastn\u011b, \u017ee se tu tento z\u00e1kon triumf\u00e1ln\u011b prosad\u00ed a ponese toho, kter\u00fd ho jako Spravedliv\u00fd, o n\u011bm\u017e B\u016fh \u0159ekl, \u017ee je jeho milovan\u00fd Syn, jedin\u00fd zachoval. A p\u0159ece, vrcholn\u00fdm bodem napln\u011bn Z\u00e1kona je smrteln\u00e1 \u00fazkost Je\u017e\u00ed\u0161ova. Spravedliv\u00fd prohr\u00e1v\u00e1 a B\u016fh, kter\u00fd je v\u0161emohouc\u00ed a zjedn\u00e1v\u00e1 pr\u00e1vo, je ve sv\u00e9m Synu h\u0159\u00edchem p\u0159emo\u017een. \u017de pr\u00e1v\u011b tato por\u00e1\u017eka je p\u0159ece koneckonc\u016f v\u00edt\u011bzstv\u00edm a znamen\u00e1 uplatn\u011bn\u00ed nepochopiteln\u011b milosrdn\u00e9 Bo\u017e\u00ed spravedlnosti, to je jin\u00e1 v\u011bc. Na Olivetsk\u00e9 ho\u0159e a na utrpen\u00ed, kter\u00e9 tu za\u010d\u00edn\u00e1, je to pr\u00e1v\u011b (a tam teprve) zahaleno.<\/p>\n<p>I prorock\u00e1 tradice se v\u00a0Getsemanech st\u00e1v\u00e1 absurditou. Co\u017epak m\u016f\u017ee b\u00fdt tento \u010dlov\u011bk, kter\u00fd se tu na zemi sv\u00edj\u00ed v\u00a0bemezn\u00e9 slabosti, hrozn\u00e9 tr\u00fdzni a \u00fapln\u00e9 opu\u0161t\u011bnosti on\u00edm, k\u00a0n\u011bmu\u017e sm\u011b\u0159uj\u00ed proroctv\u00ed o nast\u00e1vaj\u00edc\u00edm n\u00e1dhern\u00e9m kr\u00e1lovstv\u00ed a o v\u011b\u010dn\u00e9m, nev\u00fdslovn\u011b intimn\u00edm svazku \u010dlov\u011bka s\u00a0Bohem? Tento Syn \u010dlov\u011bka zanech\u00e1v\u00e1 sv\u00e9 kr\u00e1lovstv\u00ed a sv\u00e9 intimn\u00ed spojen\u00ed s\u00a0Bohem a jde ke sv\u00fdm t\u0159em pr\u016fvodc\u016fm, kte\u0159\u00ed ho ale u\u017e v\u016fbec nezpozoruj\u00ed, pon\u011bvad\u017e \u00fanavou usnuli.<\/p>\n<p>&nbsp;<\/p>\n<p style=\"text-align: right;\">K. Rahner, Rozj\u00edm\u00e1n\u00ed podle Exercici\u00ed sv. Ign\u00e1ce, vyd. Refugium 2001.<\/p>\n","protected":false},"excerpt":{"rendered":"<p>Dovol\u00edme si nab\u00eddnout k meditaci a hlub\u0161\u00edmu setk\u00e1n\u00ed s tajemstv\u00edm tohoto t\u00fddne n\u011bkolik \u00faryvk\u016f z textu Rozj\u00edm\u00e1n\u00ed podle Exercici\u00ed sv. Ign\u00e1ce, jeho\u017e autorem je K. Rahner: Sm\u00edme zcela up\u0159\u00edmn\u011b \u0159\u00edci: V\u00a0Getsemanech, v\u00a0noci p\u0159ed svou ho\u0159kou smrt\u00ed, sestupuje Bo\u017e\u00ed Syn a\u017e na dno lidsk\u00e9ho byt\u00ed, do temnot smrteln\u00e9 \u00fazkosti t\u00edm, \u017ee se s\u00a0celou l\u00e1skou d\u00e1v\u00e1 a [&hellip;]<\/p>\n","protected":false},"author":13,"featured_media":0,"comment_status":"open","ping_status":"open","sticky":false,"template":"","format":"standard","meta":{"footnotes":""},"categories":[20],"tags":[],"_links":{"self":[{"href":"https:\/\/www.cestanahoru.org\/index.php?rest_route=\/wp\/v2\/posts\/4436"}],"collection":[{"href":"https:\/\/www.cestanahoru.org\/index.php?rest_route=\/wp\/v2\/posts"}],"about":[{"href":"https:\/\/www.cestanahoru.org\/index.php?rest_route=\/wp\/v2\/types\/post"}],"author":[{"embeddable":true,"href":"https:\/\/www.cestanahoru.org\/index.php?rest_route=\/wp\/v2\/users\/13"}],"replies":[{"embeddable":true,"href":"https:\/\/www.cestanahoru.org\/index.php?rest_route=%2Fwp%2Fv2%2Fcomments&post=4436"}],"version-history":[{"count":4,"href":"https:\/\/www.cestanahoru.org\/index.php?rest_route=\/wp\/v2\/posts\/4436\/revisions"}],"predecessor-version":[{"id":4441,"href":"https:\/\/www.cestanahoru.org\/index.php?rest_route=\/wp\/v2\/posts\/4436\/revisions\/4441"}],"wp:attachment":[{"href":"https:\/\/www.cestanahoru.org\/index.php?rest_route=%2Fwp%2Fv2%2Fmedia&parent=4436"}],"wp:term":[{"taxonomy":"category","embeddable":true,"href":"https:\/\/www.cestanahoru.org\/index.php?rest_route=%2Fwp%2Fv2%2Fcategories&post=4436"},{"taxonomy":"post_tag","embeddable":true,"href":"https:\/\/www.cestanahoru.org\/index.php?rest_route=%2Fwp%2Fv2%2Ftags&post=4436"}],"curies":[{"name":"wp","href":"https:\/\/api.w.org\/{rel}","templated":true}]}}