{"id":4452,"date":"2012-04-06T08:14:45","date_gmt":"2012-04-06T06:14:45","guid":{"rendered":"https:\/\/www.cestanahoru.org\/?p=4452"},"modified":"2012-04-06T08:14:45","modified_gmt":"2012-04-06T06:14:45","slug":"jezis-v-zalari-a-souzen","status":"publish","type":"post","link":"https:\/\/www.cestanahoru.org\/?p=4452","title":{"rendered":"Je\u017e\u00ed\u0161 v \u017eal\u00e1\u0159i a souzen"},"content":{"rendered":"<p><em>Karl Rahner<\/em><\/p>\n<p><a href=\"https:\/\/www.cestanahoru.org\/wp-content\/uploads\/P1140165-Small.jpg\"><img loading=\"lazy\" decoding=\"async\" class=\"alignleft size-thumbnail wp-image-4453\" title=\"P1140165 (Small)\" src=\"https:\/\/www.cestanahoru.org\/wp-content\/uploads\/P1140165-Small-150x150.jpg\" alt=\"\" width=\"120\" height=\"120\" \/><\/a>K\u0159es\u0165ansk\u00fd lid v\u017edy rozpoznal metafyzick\u00fd v\u00fdznam Je\u017e\u00ed\u0161ov\u00fdch hodin str\u00e1ven\u00fdch ve v\u011bzen\u00ed pro d\u011bjiny sp\u00e1sy.<\/p>\n<p>P\u00e1n skute\u010dn\u011b p\u0159i\u0161el do \u017eal\u00e1\u0159e na\u0161\u00ed pozemskosti, omezenosti a bezv\u00fdchodnosti, na\u0161eho beznad\u011bjn\u00e9ho znetvo\u0159en\u00ed h\u0159\u00edchem a na\u0161eho propadnut\u00ed smrti. Pon\u011bvad\u017e tam sestoupil, otev\u0159el n\u00e1m t\u00edm \u017eal\u00e1\u0159 na\u0161eho byt\u00ed \u2013 co\u017e j\u00e1 st\u00e1le je\u0161t\u011b nechci uznat a nechci se odv\u00e1\u017en\u011b vzchopit, abych \u0161el, ale sp\u00ed\u0161e se domn\u00edv\u00e1m, \u017ee bych nikdy nevy\u0161el. Pova\u017euji svou situaci za beznad\u011bjnou, a p\u0159ece je u\u017e Je\u017e\u00ed\u0161 u mne! V\u00a0ka\u017ed\u00e9m p\u0159\u00edpad\u011b, d\u0159\u00edve nebo pozd\u011bji, se mi povede jako Petrovi v\u00a0\u017eal\u00e1\u0159i v\u00a0Jeruzal\u00e9m\u011b, kdy ho and\u011bl ude\u0159il do\u00a0 boku a pravil: \u201eRychle! Vsta\u0148!&#8230; Op\u00e1sej se a obuj se!&#8230; Vezmi si pl\u00e1\u0161\u0165 a poj\u010f za mnou.\u201c (Sk 12,7-8). \u017delezn\u00e1 br\u00e1na toho, co pova\u017euji za sv\u016fj \u017eal\u00e1\u0159, bude otev\u0159ena.<!--more--><\/p>\n<p>Zaposlouchejme se do Pil\u00e1tova zd\u00e1nliv\u011b tolerantn\u00edho a v\u00a0podstat\u011b hrozn\u011b blazeovan\u00e9ho odm\u00edtnut\u00ed Je\u017e\u00ed\u0161e. V\u0161imn\u011bme si jeho zd\u00e1nliv\u00e9 vyrovnanosti a chorobn\u00e9 skepse, jeho ok\u00e1zal\u00e9 moudrosti, kter\u00e1 se nechce poskvrnit, tak\u017ee z\u00a0n\u00ed zcela d\u016fsledn\u011b plyne ochota nechat nevinn\u00e9ho zni\u010dit, jen aby si \u010dlov\u011bk mohl zachovat sv\u016fj klid. Je n\u00e1m podobn\u00e9 jedn\u00e1n\u00ed skute\u010dn\u011b ciz\u00ed? Nep\u0159ech\u00e1z\u00edme my tak\u00e9 klidn\u011b od lidsk\u00fdch osud\u016f ke sv\u00e9mu denn\u00edmu po\u0159\u00e1dku jen s\u00a0pokr\u010den\u00edm ramen, nejsme tak\u00e9 chladn\u00ed v\u016f\u010di ot\u00e1zce \u201eco je pravda?\u201c, neuzav\u00edr\u00e1me se tajemstv\u00ed l\u00e1sky? Fale\u0161n\u00e1 a v\u00a0podstat\u011b povrchn\u00ed sv\u011btsk\u00e1 moudrost vypad\u00e1 \u010dasto proklat\u011b chyt\u0159e, tak chyt\u0159e, \u017ee se n\u00e1m snad zd\u00e1 b\u00fdt nezbytn\u00e1 pro v\u00fdstavbu a zachov\u00e1n\u00ed c\u00edrkevn\u00edch z\u00e1jm\u016f. Bo\u017e\u00ed moudrost je zcela opa\u010dn\u00e1. U Boha neplat\u00ed vzne\u0161en\u011b skeptick\u00fd, chladn\u011b uva\u017euj\u00edc\u00ed a v\u00a0podstat\u011b v\u0161e lacino z\u00edsk\u00e1vaj\u00edc\u00ed rozum, n\u00fdbr\u017e prostota, tedy to, co je zd\u00e1nliv\u011b fantastick\u00e9, neharmonick\u00e9, co je sv\u011btem odm\u00edtnut\u00e9 nebo je ne\u0161ikovn\u00e9. To, co sv\u00e1d\u00ed k\u00a0jednozna\u010dn\u00e9mu rozhodnut\u00ed a co neprch\u00e1 p\u0159ed Bo\u017e\u00ed l\u00e1skou k\u00a0\u00fadajn\u011b vy\u0161\u0161\u00ed synt\u00e9ze.<\/p>\n","protected":false},"excerpt":{"rendered":"<p>Karl Rahner K\u0159es\u0165ansk\u00fd lid v\u017edy rozpoznal metafyzick\u00fd v\u00fdznam Je\u017e\u00ed\u0161ov\u00fdch hodin str\u00e1ven\u00fdch ve v\u011bzen\u00ed pro d\u011bjiny sp\u00e1sy. P\u00e1n skute\u010dn\u011b p\u0159i\u0161el do \u017eal\u00e1\u0159e na\u0161\u00ed pozemskosti, omezenosti a bezv\u00fdchodnosti, na\u0161eho beznad\u011bjn\u00e9ho znetvo\u0159en\u00ed h\u0159\u00edchem a na\u0161eho propadnut\u00ed smrti. Pon\u011bvad\u017e tam sestoupil, otev\u0159el n\u00e1m t\u00edm \u017eal\u00e1\u0159 na\u0161eho byt\u00ed \u2013 co\u017e j\u00e1 st\u00e1le je\u0161t\u011b nechci uznat a nechci se odv\u00e1\u017en\u011b vzchopit, [&hellip;]<\/p>\n","protected":false},"author":3,"featured_media":0,"comment_status":"open","ping_status":"open","sticky":false,"template":"","format":"standard","meta":{"footnotes":""},"categories":[20],"tags":[],"_links":{"self":[{"href":"https:\/\/www.cestanahoru.org\/index.php?rest_route=\/wp\/v2\/posts\/4452"}],"collection":[{"href":"https:\/\/www.cestanahoru.org\/index.php?rest_route=\/wp\/v2\/posts"}],"about":[{"href":"https:\/\/www.cestanahoru.org\/index.php?rest_route=\/wp\/v2\/types\/post"}],"author":[{"embeddable":true,"href":"https:\/\/www.cestanahoru.org\/index.php?rest_route=\/wp\/v2\/users\/3"}],"replies":[{"embeddable":true,"href":"https:\/\/www.cestanahoru.org\/index.php?rest_route=%2Fwp%2Fv2%2Fcomments&post=4452"}],"version-history":[{"count":2,"href":"https:\/\/www.cestanahoru.org\/index.php?rest_route=\/wp\/v2\/posts\/4452\/revisions"}],"predecessor-version":[{"id":4460,"href":"https:\/\/www.cestanahoru.org\/index.php?rest_route=\/wp\/v2\/posts\/4452\/revisions\/4460"}],"wp:attachment":[{"href":"https:\/\/www.cestanahoru.org\/index.php?rest_route=%2Fwp%2Fv2%2Fmedia&parent=4452"}],"wp:term":[{"taxonomy":"category","embeddable":true,"href":"https:\/\/www.cestanahoru.org\/index.php?rest_route=%2Fwp%2Fv2%2Fcategories&post=4452"},{"taxonomy":"post_tag","embeddable":true,"href":"https:\/\/www.cestanahoru.org\/index.php?rest_route=%2Fwp%2Fv2%2Ftags&post=4452"}],"curies":[{"name":"wp","href":"https:\/\/api.w.org\/{rel}","templated":true}]}}