{"id":5025,"date":"2013-04-11T22:16:38","date_gmt":"2013-04-11T20:16:38","guid":{"rendered":"https:\/\/www.cestanahoru.org\/?p=5025"},"modified":"2013-04-11T22:17:00","modified_gmt":"2013-04-11T20:17:00","slug":"maly-mnich","status":"publish","type":"post","link":"https:\/\/www.cestanahoru.org\/?p=5025","title":{"rendered":"Mal\u00fd mnich"},"content":{"rendered":"<p><em>Madeleine Delbr<em>\u00ea<\/em>l<\/em><\/p>\n<p><strong>O kriz\u00edch<\/strong><br \/>\nIgnoruj je &#8211; budou t\u011b ignorovat.<\/p>\n<p><strong>O modlitb\u011b<\/strong><br \/>\nPamatuj, \u017ee modlitba je tu proto, aby se \u010dlov\u011bk st\u00e1val dobr\u00fdm a ne proto, aby mu v tom br\u00e1nila. <em>(V den, kdy ho museli v\u0161ude hledat a na\u0161li v kostele.)<\/em><\/p>\n<p><strong>O sn\u00e1\u0161en\u00ed<\/strong><br \/>\nNes, nikoli sn\u00e1\u0161ej. <em>(V den, kdy jeho brat\u0159i byli pr\u00e1v\u011b tak nesnesiteln\u00ed, jako on s\u00e1m.)<\/em><!--more--><\/p>\n<p><strong>\u00a0O svat\u00e9 lenosti<\/strong><br \/>\nNalezni sv\u016fj odpo\u010dinek v Bohu. <em>(V den, kdy mal\u00fd mnich padal \u00fanavou)<\/em><\/p>\n<p><strong>O radosti<\/strong><br \/>\nNem\u011b\u0159 radost podle toho, jak je tv\u00e9mu t\u011blu. <em>(V den \u017elu\u010dn\u00edkov\u00e9ho z\u00e1chvatu)<\/em><\/p>\n<p><strong>O hrdinstv\u00ed<\/strong><br \/>\nD\u011blej dob\u0159e se v\u0161emi to, co je dobr\u00e9 pro v\u0161echny,<\/p>\n<p>sp\u00ed\u0161e ne\u017e d\u011blat l\u00e9pe to, co je dobr\u00e9 jen pro tebe. <em>(V den, kdy c\u00edtil vzne\u0161en\u00e9 touhy)<\/em><\/p>\n<p>&nbsp;<\/p>\n<p>&nbsp;<\/p>\n<p style=\"text-align: right;\">z knihy M. D. Le <em>Moine Et Le Nagneau. Alcide et ses m\u00e9tamorphoses.\u00a0 \u0152uvres Compl\u00e8tes 4, Nouvelle Cit\u00e9 2006<\/em>.<\/p>\n","protected":false},"excerpt":{"rendered":"<p>Madeleine Delbr\u00eal O kriz\u00edch Ignoruj je &#8211; budou t\u011b ignorovat. O modlitb\u011b Pamatuj, \u017ee modlitba je tu proto, aby se \u010dlov\u011bk st\u00e1val dobr\u00fdm a ne proto, aby mu v tom br\u00e1nila. (V den, kdy ho museli v\u0161ude hledat a na\u0161li v kostele.) O sn\u00e1\u0161en\u00ed Nes, nikoli sn\u00e1\u0161ej. (V den, kdy jeho brat\u0159i byli pr\u00e1v\u011b tak [&hellip;]<\/p>\n","protected":false},"author":1,"featured_media":0,"comment_status":"open","ping_status":"open","sticky":false,"template":"","format":"standard","meta":{"footnotes":""},"categories":[8],"tags":[],"_links":{"self":[{"href":"https:\/\/www.cestanahoru.org\/index.php?rest_route=\/wp\/v2\/posts\/5025"}],"collection":[{"href":"https:\/\/www.cestanahoru.org\/index.php?rest_route=\/wp\/v2\/posts"}],"about":[{"href":"https:\/\/www.cestanahoru.org\/index.php?rest_route=\/wp\/v2\/types\/post"}],"author":[{"embeddable":true,"href":"https:\/\/www.cestanahoru.org\/index.php?rest_route=\/wp\/v2\/users\/1"}],"replies":[{"embeddable":true,"href":"https:\/\/www.cestanahoru.org\/index.php?rest_route=%2Fwp%2Fv2%2Fcomments&post=5025"}],"version-history":[{"count":3,"href":"https:\/\/www.cestanahoru.org\/index.php?rest_route=\/wp\/v2\/posts\/5025\/revisions"}],"predecessor-version":[{"id":5028,"href":"https:\/\/www.cestanahoru.org\/index.php?rest_route=\/wp\/v2\/posts\/5025\/revisions\/5028"}],"wp:attachment":[{"href":"https:\/\/www.cestanahoru.org\/index.php?rest_route=%2Fwp%2Fv2%2Fmedia&parent=5025"}],"wp:term":[{"taxonomy":"category","embeddable":true,"href":"https:\/\/www.cestanahoru.org\/index.php?rest_route=%2Fwp%2Fv2%2Fcategories&post=5025"},{"taxonomy":"post_tag","embeddable":true,"href":"https:\/\/www.cestanahoru.org\/index.php?rest_route=%2Fwp%2Fv2%2Ftags&post=5025"}],"curies":[{"name":"wp","href":"https:\/\/api.w.org\/{rel}","templated":true}]}}