{"id":5034,"date":"2013-04-30T16:46:57","date_gmt":"2013-04-30T14:46:57","guid":{"rendered":"https:\/\/www.cestanahoru.org\/?p=5034"},"modified":"2013-04-30T16:47:36","modified_gmt":"2013-04-30T14:47:36","slug":"modlitba-a-dech-i","status":"publish","type":"post","link":"https:\/\/www.cestanahoru.org\/?p=5034","title":{"rendered":"Modlitba a dech I."},"content":{"rendered":"<p><em>Antonio Sicari<\/em><\/p>\n<p>P\u0159ed lety v\u00a0Lurdech konvertoval zn\u00e1m\u00fd ateistick\u00fd l\u00e9ka\u0159 Alexis Carrel, pot\u00e9, se mu p\u0159ed o\u010dima uzdravil \u010dlov\u011bk, kter\u00e9ho on s\u00e1m diagnostikoval jako nevyl\u00e9\u010diteln\u011b nemocn\u00e9ho. Carrel pozd\u011bji dokonce napsal knihu o modlitb\u011b. Najdeme v\u00a0n\u00ed toto: \u201eKdo se opravdu modl\u00ed, modlitba m\u00e1 na jeho oganismus vliv srovnateln\u00fd s\u00a0p\u016fsoben\u00edm endokrinn\u00edho syst\u00e9mu, nap\u0159. \u0161t\u00edtn\u00e9 \u017el\u00e1zy nebo nadledvinek. Smysl pro posv\u00e1tno je srovnateln\u00fd s\u00a0na\u0161\u00ed pot\u0159ebou kysl\u00edku a modlitba je srovnateln\u00e1 s\u00a0d\u00fdch\u00e1n\u00edm.\u201c<\/p>\n<p><!--more--><\/p>\n<p>O n\u011b\u010dem takov\u00e9m ale lid\u00e9 v\u00ed u\u017e d\u00e1vno.<\/p>\n<p>Kdo se zab\u00fdv\u00e1 d\u011bjinami c\u00edrkve a \u017eivotem modlitby, v\u0161imne si, \u017ee jak prvn\u00ed k\u0159es\u0165an\u0161t\u00ed mni\u0161i, tak i \u0159ada sou\u010dasn\u00fdch \u0159eholn\u00edch komunit se zcela v\u00e1\u017en\u011b zab\u00fdv\u00e1 d\u00fdch\u00e1n\u00edm v modlitb\u011b. Tak sv. Anton\u00edn Poustevn\u00edk byl zvykl\u00fd zdravit sv\u00e9 druhy v\u00a0pou\u0161ti pozdravem \u201eD\u00fdchejte Krista.\u201c<\/p>\n<p>Prvn\u00ed mni\u0161i tak\u00e9 vynalezli kr\u00e1tkou modlitebn\u00ed formuli \u201ePane Je\u017e\u00ed\u0161i, smiluj se nade mnou h\u0159\u00ed\u0161n\u00fdm\u201c, kter\u00e1 se m\u011bla opakovat v\u00a0rytmu dechu. Sv. Jan Klimak sv\u00e9 \u017e\u00e1ky u\u010dil: \u201eJe t\u0159eba, aby vzpom\u00ednka na Krista byla \u00fazce spojen\u00e1 s\u00a0tv\u00fdm dechem, tak pozn\u00e1\u0161 tajemstv\u00ed vnit\u0159n\u00edho pokoje.\u201c Sv. Ign\u00e1c ve sv\u00fdch exercici\u00edch p\u00ed\u0161e: \u201eje t\u0159eba zav\u0159\u00edt o\u010di a d\u00edvat se na Je\u017e\u00ed\u0161e ve sv\u00e9m srdci a modlit se v\u00a0duchu p\u0159i ka\u017ed\u00e9m n\u00e1dechu nebo vdechnut\u00ed, p\u0159i\u010dem\u017e se vyslov\u00ed jedno slovo Ot\u010den\u00e1\u0161e nebo jin\u00e9 modlitby.\u201c Tak\u00e9 v\u00a0\u017ealmech najdeme po ka\u017ed\u00e9 p\u016flce ver\u0161e hv\u011bzdi\u010dku, kter\u00e1 n\u00e1s m\u00e1 upozornit \u201etady se m\u00e1\u0161 nadechnout\u201c a p\u0159ipomenout, \u017ee d\u00fdch\u00e1n\u00ed je sou\u010d\u00e1st\u00ed modlitby.<\/p>\n<p>Nejde pouze o ur\u010dit\u00fd technick\u00fd n\u00e1vod, jak na to. V\u00a0P\u00edsmu je \u0159e\u010d o dechu \u010dlov\u011bka \u010dasto \u00fazce spojena s\u00a0pojedn\u00e1n\u00edm o Duchu svat\u00e9m. Jm\u00e9no, kter\u00fdm naz\u00fdv\u00e1me t\u0159et\u00ed osobu Nejsv. Trojice (Osoba-Dar, Osoba-L\u00e1ska), bychom toti\u017e mohli p\u0159elo\u017eit (z hebrej\u0161tiny nebo z\u00a0\u0159e\u010dtiny) tak\u00e9 v\u00fdrazem \u201esvat\u00fd Dech\u201c, \u201esvat\u00e9 Vanut\u00ed\u201c &#8211; bylo by to tot\u00e9\u017e.<\/p>\n<p>Vzpomenete si, jak P\u00edsmo l\u00ed\u010d\u00ed stvo\u0159en\u00ed? Od po\u010d\u00e1tku tu je Bo\u017e\u00ed Duch (jeho plodn\u00fd Dech l\u00e1sky), kter\u00fd rozeh\u0159\u00edv\u00e1 beztvarou hmotu, a tak se rod\u00ed \u017eivot. Kdy\u017e je tvo\u0159en \u010dlov\u011bk, je tu je\u0161t\u011b v\u00fdrazn\u011bj\u0161\u00ed obraz: B\u016fh bere do sv\u00fdch rukou bl\u00e1to (a sv. Irenej komentuje \u201eA toto bl\u00e1to se v\u00a0Bo\u017e\u00edch rukou chv\u011blo \u0161t\u011bst\u00edm\u201c) a s\u00a0p\u00e9\u010d\u00ed ho hn\u011bte, moud\u0159e a laskav\u011b mu d\u00e1v\u00e1 tvar, pak ho p\u0159ibli\u017e\u00ed ke sv\u00e9 tv\u00e1\u0159i a dechne na n\u011bj.<\/p>\n<p>\u010clov\u011bk je stvo\u0159en\u00fd k\u00a0Bo\u017e\u00edmu obrazu a podob\u011b a je j\u00edm od prvn\u00ed chv\u00edle sv\u00e9 \u201ebiologick\u00e9\u201c existence, kdy za\u010dal d\u00fdchat: i ka\u017ed\u00fd jednotliv\u00fd dech je utvo\u0159en k\u00a0obrazu Bo\u017e\u00edho Dechu.<\/p>\n<p>Jeden d\u00e1vn\u00fd exegeta k\u00a0tomu dod\u00e1val: \u201eJako se plamen z\u00e1palky prudce zmocn\u00ed p\u0159ipraven\u00e9ho d\u0159\u00edv\u00ed, tak se Bo\u017e\u00ed dech zmocnil plic \u010dlov\u011bka a v\u0161t\u00edpil jim rytmus p\u0159ich\u00e1zen\u00ed a odch\u00e1zen\u00ed dechu, d\u00fdch\u00e1n\u00ed. Dokud ko\u0159en Bo\u017e\u00edho dechu nebude vyrv\u00e1n z\u00a0jeho plic, \u010dlov\u011bk z\u016fst\u00e1v\u00e1 \u017eiv\u00fd.\u201c<\/p>\n<p>&nbsp;<\/p>\n<p style=\"text-align: right;\"><em>pokra\u010dov\u00e1n\u00ed p\u0159\u00ed\u0161t\u011b<\/em><\/p>\n<p>z it. origin\u00e1lu uve\u0159ejn\u011bn\u00e9ho na str\u00e1nk\u00e1ch MEC (<em>Movimento ecclesiale carmelitano<\/em>, laick\u00e9ho hnut\u00ed v\u011b\u0159\u00edc\u00edch, kte\u0159\u00ed se nech\u00e1vaj\u00ed inspirovat spiritualitou Karmelu) p\u0159elo\u017eila sd.<\/p>\n<p>&nbsp;<\/p>\n<p>&nbsp;<\/p>\n","protected":false},"excerpt":{"rendered":"<p>Antonio Sicari P\u0159ed lety v\u00a0Lurdech konvertoval zn\u00e1m\u00fd ateistick\u00fd l\u00e9ka\u0159 Alexis Carrel, pot\u00e9, se mu p\u0159ed o\u010dima uzdravil \u010dlov\u011bk, kter\u00e9ho on s\u00e1m diagnostikoval jako nevyl\u00e9\u010diteln\u011b nemocn\u00e9ho. Carrel pozd\u011bji dokonce napsal knihu o modlitb\u011b. Najdeme v\u00a0n\u00ed toto: \u201eKdo se opravdu modl\u00ed, modlitba m\u00e1 na jeho oganismus vliv srovnateln\u00fd s\u00a0p\u016fsoben\u00edm endokrinn\u00edho syst\u00e9mu, nap\u0159. \u0161t\u00edtn\u00e9 \u017el\u00e1zy nebo nadledvinek. Smysl [&hellip;]<\/p>\n","protected":false},"author":3,"featured_media":0,"comment_status":"open","ping_status":"open","sticky":false,"template":"","format":"standard","meta":{"footnotes":""},"categories":[4,7],"tags":[],"_links":{"self":[{"href":"https:\/\/www.cestanahoru.org\/index.php?rest_route=\/wp\/v2\/posts\/5034"}],"collection":[{"href":"https:\/\/www.cestanahoru.org\/index.php?rest_route=\/wp\/v2\/posts"}],"about":[{"href":"https:\/\/www.cestanahoru.org\/index.php?rest_route=\/wp\/v2\/types\/post"}],"author":[{"embeddable":true,"href":"https:\/\/www.cestanahoru.org\/index.php?rest_route=\/wp\/v2\/users\/3"}],"replies":[{"embeddable":true,"href":"https:\/\/www.cestanahoru.org\/index.php?rest_route=%2Fwp%2Fv2%2Fcomments&post=5034"}],"version-history":[{"count":2,"href":"https:\/\/www.cestanahoru.org\/index.php?rest_route=\/wp\/v2\/posts\/5034\/revisions"}],"predecessor-version":[{"id":5036,"href":"https:\/\/www.cestanahoru.org\/index.php?rest_route=\/wp\/v2\/posts\/5034\/revisions\/5036"}],"wp:attachment":[{"href":"https:\/\/www.cestanahoru.org\/index.php?rest_route=%2Fwp%2Fv2%2Fmedia&parent=5034"}],"wp:term":[{"taxonomy":"category","embeddable":true,"href":"https:\/\/www.cestanahoru.org\/index.php?rest_route=%2Fwp%2Fv2%2Fcategories&post=5034"},{"taxonomy":"post_tag","embeddable":true,"href":"https:\/\/www.cestanahoru.org\/index.php?rest_route=%2Fwp%2Fv2%2Ftags&post=5034"}],"curies":[{"name":"wp","href":"https:\/\/api.w.org\/{rel}","templated":true}]}}