{"id":5047,"date":"2013-05-13T15:55:44","date_gmt":"2013-05-13T13:55:44","guid":{"rendered":"https:\/\/www.cestanahoru.org\/?p=5047"},"modified":"2013-05-13T15:55:44","modified_gmt":"2013-05-13T13:55:44","slug":"cetba-z-duchovnich-klasiku-2","status":"publish","type":"post","link":"https:\/\/www.cestanahoru.org\/?p=5047","title":{"rendered":"\u010cetba z duchovn\u00edch klasik\u016f"},"content":{"rendered":"<p><a href=\"https:\/\/www.cestanahoru.org\/wp-content\/uploads\/Jan-od-K\u0159\u00ed\u017ee4.jpg\"><img loading=\"lazy\" decoding=\"async\" class=\"alignleft size-thumbnail wp-image-4408\" title=\"Jan od K\u0159\u00ed\u017ee\" src=\"https:\/\/www.cestanahoru.org\/wp-content\/uploads\/Jan-od-K\u0159\u00ed\u017ee4-150x150.jpg\" alt=\"\" width=\"120\" height=\"120\" \/><\/a> Proto\u017ee v<em> Salvatore<\/em> vy\u0161lo kv\u011btnov\u00e9 \u010dten\u00ed z Jana od K\u0159\u00ed\u017ee s chybn\u00fdm datem, p\u0159ipom\u00edn\u00e1me, \u017ee se p\u0159i \u010detb\u011b z <em>V\u00fdstupu na horu Karmel<\/em> sejdeme ne tento \u010dtvrtek, ale a\u017e <strong>23. kv\u011btna<\/strong> v 19h.<\/p>\n<p>Budeme \u010d\u00edst 33.-35. kapitolu t\u0159et\u00ed knihy (o obrazech, soch\u00e1ch, ob\u0159adech a m\u00edstech k modlitb\u011b).<\/p>\n","protected":false},"excerpt":{"rendered":"<p>Proto\u017ee v Salvatore vy\u0161lo kv\u011btnov\u00e9 \u010dten\u00ed z Jana od K\u0159\u00ed\u017ee s chybn\u00fdm datem, p\u0159ipom\u00edn\u00e1me, \u017ee se p\u0159i \u010detb\u011b z V\u00fdstupu na horu Karmel sejdeme ne tento \u010dtvrtek, ale a\u017e 23. kv\u011btna v 19h. Budeme \u010d\u00edst 33.-35. kapitolu t\u0159et\u00ed knihy (o obrazech, soch\u00e1ch, ob\u0159adech a m\u00edstech k modlitb\u011b).<\/p>\n","protected":false},"author":13,"featured_media":0,"comment_status":"open","ping_status":"open","sticky":false,"template":"","format":"standard","meta":{"footnotes":""},"categories":[11],"tags":[],"_links":{"self":[{"href":"https:\/\/www.cestanahoru.org\/index.php?rest_route=\/wp\/v2\/posts\/5047"}],"collection":[{"href":"https:\/\/www.cestanahoru.org\/index.php?rest_route=\/wp\/v2\/posts"}],"about":[{"href":"https:\/\/www.cestanahoru.org\/index.php?rest_route=\/wp\/v2\/types\/post"}],"author":[{"embeddable":true,"href":"https:\/\/www.cestanahoru.org\/index.php?rest_route=\/wp\/v2\/users\/13"}],"replies":[{"embeddable":true,"href":"https:\/\/www.cestanahoru.org\/index.php?rest_route=%2Fwp%2Fv2%2Fcomments&post=5047"}],"version-history":[{"count":1,"href":"https:\/\/www.cestanahoru.org\/index.php?rest_route=\/wp\/v2\/posts\/5047\/revisions"}],"predecessor-version":[{"id":5048,"href":"https:\/\/www.cestanahoru.org\/index.php?rest_route=\/wp\/v2\/posts\/5047\/revisions\/5048"}],"wp:attachment":[{"href":"https:\/\/www.cestanahoru.org\/index.php?rest_route=%2Fwp%2Fv2%2Fmedia&parent=5047"}],"wp:term":[{"taxonomy":"category","embeddable":true,"href":"https:\/\/www.cestanahoru.org\/index.php?rest_route=%2Fwp%2Fv2%2Fcategories&post=5047"},{"taxonomy":"post_tag","embeddable":true,"href":"https:\/\/www.cestanahoru.org\/index.php?rest_route=%2Fwp%2Fv2%2Ftags&post=5047"}],"curies":[{"name":"wp","href":"https:\/\/api.w.org\/{rel}","templated":true}]}}