{"id":5051,"date":"2013-05-20T09:16:08","date_gmt":"2013-05-20T07:16:08","guid":{"rendered":"https:\/\/www.cestanahoru.org\/?p=5051"},"modified":"2016-04-05T14:24:00","modified_gmt":"2016-04-05T12:24:00","slug":"den-karmelitanske-spirituality-4","status":"publish","type":"post","link":"https:\/\/www.cestanahoru.org\/?p=5051","title":{"rendered":"Den karmelit\u00e1nsk\u00e9 spirituality"},"content":{"rendered":"<p><a href=\"https:\/\/www.cestanahoru.org\/wp-content\/uploads\/25.jpg\"><img loading=\"lazy\" decoding=\"async\" class=\"alignleft size-thumbnail wp-image-5052\" title=\"25\" alt=\"\" src=\"https:\/\/www.cestanahoru.org\/wp-content\/uploads\/25-150x150.jpg\" width=\"105\" height=\"105\" \/><\/a>V <strong>sobotu 25. kv\u011btna 2013<\/strong> od 9h do cca 15.30h na Novotn\u00e9ho l\u00e1vce (Praha 1, u Karlova mostu) v Budov\u011b \u010cesk\u00e9ho svazu v\u011bdecko-technick\u00fdch spole\u010dnost\u00ed se bude konat 17. den karmelit\u00e1nsk\u00e9 spirituality, letos v\u011bnovan\u00fd knize <em>Vnit\u0159n\u00ed hrad<\/em> \u0161pan\u011blsk\u00e9 mysti\u010dky <strong>Terezie Avilsk\u00e9<\/strong>.Velmi srde\u010dn\u011b zveme!<\/p>\n<p><!--more--><\/p>\n<p align=\"center\"><strong>Program<\/strong>:<\/p>\n<p><strong>\u00a0 9.00\u00a0\u00a0 <\/strong><strong>Zah\u00e1jen\u00ed<\/strong><em><\/em><\/p>\n<p><strong>9.15\u00a0\u00a0 Ciro Garc\u00eda OCD: <\/strong><em>Symbol vnit\u0159n\u00edho hradu sv. Terezie a jeho autobiografick\u00e1 a zku\u0161enostn\u00ed hodnota<strong> <\/strong><\/em><\/p>\n<p><strong>10.30 David Peroutka OCD:<\/strong> <em>Terezie z\u00a0\u00c1vily a C. G. Jung<\/em><\/p>\n<p><strong>13.00 Jan Po\u0159\u00edz OCD: <\/strong><em>Vnit\u0159n\u00ed hrad sv. Terezie a (vnit\u0159n\u00ed) Z\u00e1mek Franze Kafky<\/em><\/p>\n<p><strong>\u00a014.30 Z\u00e1v\u011br <\/strong>\u2013 m\u0161e svat\u00e1<\/p>\n","protected":false},"excerpt":{"rendered":"<p>V sobotu 25. kv\u011btna 2013 od 9h do cca 15.30h na Novotn\u00e9ho l\u00e1vce (Praha 1, u Karlova mostu) v Budov\u011b \u010cesk\u00e9ho svazu v\u011bdecko-technick\u00fdch spole\u010dnost\u00ed se bude konat 17. den karmelit\u00e1nsk\u00e9 spirituality, letos v\u011bnovan\u00fd knize Vnit\u0159n\u00ed hrad \u0161pan\u011blsk\u00e9 mysti\u010dky Terezie Avilsk\u00e9.Velmi srde\u010dn\u011b zveme!<\/p>\n","protected":false},"author":1,"featured_media":0,"comment_status":"open","ping_status":"open","sticky":false,"template":"","format":"standard","meta":{"footnotes":""},"categories":[4],"tags":[],"_links":{"self":[{"href":"https:\/\/www.cestanahoru.org\/index.php?rest_route=\/wp\/v2\/posts\/5051"}],"collection":[{"href":"https:\/\/www.cestanahoru.org\/index.php?rest_route=\/wp\/v2\/posts"}],"about":[{"href":"https:\/\/www.cestanahoru.org\/index.php?rest_route=\/wp\/v2\/types\/post"}],"author":[{"embeddable":true,"href":"https:\/\/www.cestanahoru.org\/index.php?rest_route=\/wp\/v2\/users\/1"}],"replies":[{"embeddable":true,"href":"https:\/\/www.cestanahoru.org\/index.php?rest_route=%2Fwp%2Fv2%2Fcomments&post=5051"}],"version-history":[{"count":3,"href":"https:\/\/www.cestanahoru.org\/index.php?rest_route=\/wp\/v2\/posts\/5051\/revisions"}],"predecessor-version":[{"id":6237,"href":"https:\/\/www.cestanahoru.org\/index.php?rest_route=\/wp\/v2\/posts\/5051\/revisions\/6237"}],"wp:attachment":[{"href":"https:\/\/www.cestanahoru.org\/index.php?rest_route=%2Fwp%2Fv2%2Fmedia&parent=5051"}],"wp:term":[{"taxonomy":"category","embeddable":true,"href":"https:\/\/www.cestanahoru.org\/index.php?rest_route=%2Fwp%2Fv2%2Fcategories&post=5051"},{"taxonomy":"post_tag","embeddable":true,"href":"https:\/\/www.cestanahoru.org\/index.php?rest_route=%2Fwp%2Fv2%2Ftags&post=5051"}],"curies":[{"name":"wp","href":"https:\/\/api.w.org\/{rel}","templated":true}]}}