{"id":5061,"date":"2013-06-10T08:43:08","date_gmt":"2013-06-10T06:43:08","guid":{"rendered":"https:\/\/www.cestanahoru.org\/?p=5061"},"modified":"2013-06-10T08:43:08","modified_gmt":"2013-06-10T06:43:08","slug":"zahradni-soiree","status":"publish","type":"post","link":"https:\/\/www.cestanahoru.org\/?p=5061","title":{"rendered":"Zahradn\u00ed soir\u00e9e"},"content":{"rendered":"<p><a href=\"https:\/\/www.cestanahoru.org\/wp-content\/uploads\/tanec-v-parizi.jpg\"><img loading=\"lazy\" decoding=\"async\" class=\"alignleft size-medium wp-image-5062\" title=\"tanec v parizi\" src=\"https:\/\/www.cestanahoru.org\/wp-content\/uploads\/tanec-v-parizi-209x300.jpg\" alt=\"\" width=\"146\" height=\"210\" srcset=\"https:\/\/www.cestanahoru.org\/wp-content\/uploads\/tanec-v-parizi-209x300.jpg 209w, https:\/\/www.cestanahoru.org\/wp-content\/uploads\/tanec-v-parizi.jpg 500w\" sizes=\"(max-width: 146px) 100vw, 146px\" \/><\/a>Mil\u00ed,<\/p>\n<p>u\u017e p\u0159\u00ed\u0161t\u00ed <strong>pond\u011bl\u00ed (17. \u010dervna)<\/strong> se na v\u00e1s budeme t\u011b\u0161it na zahradn\u00edm soir\u00e9e s hudbou k tanci. Bez ohledu na po\u010das\u00ed budeme v <strong>19h<\/strong> slavit eucharistii a posl\u00e9ze korzovat po zahrad\u011b a tan\u010dit a konverzovat v p\u0159\u00edjemn\u00e9 spole\u010dnosti, kterou n\u00e1m po cel\u00fd rok pom\u00e1h\u00e1te u n\u00e1s na Karmelu vytv\u00e1\u0159et. Velmi se na v\u00e1s t\u011b\u0161\u00edme a srde\u010dn\u011b\u00a0 zveme v\u00e1s i va\u0161e p\u0159\u00e1tele a zn\u00e1m\u00e9.<\/p>\n<p style=\"text-align: right;\">va\u0161e sestry z Karmelu Edith Steinov\u00e9<\/p>\n","protected":false},"excerpt":{"rendered":"<p>Mil\u00ed, u\u017e p\u0159\u00ed\u0161t\u00ed pond\u011bl\u00ed (17. \u010dervna) se na v\u00e1s budeme t\u011b\u0161it na zahradn\u00edm soir\u00e9e s hudbou k tanci. Bez ohledu na po\u010das\u00ed budeme v 19h slavit eucharistii a posl\u00e9ze korzovat po zahrad\u011b a tan\u010dit a konverzovat v p\u0159\u00edjemn\u00e9 spole\u010dnosti, kterou n\u00e1m po cel\u00fd rok pom\u00e1h\u00e1te u n\u00e1s na Karmelu vytv\u00e1\u0159et. Velmi se na v\u00e1s t\u011b\u0161\u00edme [&hellip;]<\/p>\n","protected":false},"author":13,"featured_media":0,"comment_status":"open","ping_status":"open","sticky":false,"template":"","format":"standard","meta":{"footnotes":""},"categories":[11],"tags":[],"_links":{"self":[{"href":"https:\/\/www.cestanahoru.org\/index.php?rest_route=\/wp\/v2\/posts\/5061"}],"collection":[{"href":"https:\/\/www.cestanahoru.org\/index.php?rest_route=\/wp\/v2\/posts"}],"about":[{"href":"https:\/\/www.cestanahoru.org\/index.php?rest_route=\/wp\/v2\/types\/post"}],"author":[{"embeddable":true,"href":"https:\/\/www.cestanahoru.org\/index.php?rest_route=\/wp\/v2\/users\/13"}],"replies":[{"embeddable":true,"href":"https:\/\/www.cestanahoru.org\/index.php?rest_route=%2Fwp%2Fv2%2Fcomments&post=5061"}],"version-history":[{"count":1,"href":"https:\/\/www.cestanahoru.org\/index.php?rest_route=\/wp\/v2\/posts\/5061\/revisions"}],"predecessor-version":[{"id":5063,"href":"https:\/\/www.cestanahoru.org\/index.php?rest_route=\/wp\/v2\/posts\/5061\/revisions\/5063"}],"wp:attachment":[{"href":"https:\/\/www.cestanahoru.org\/index.php?rest_route=%2Fwp%2Fv2%2Fmedia&parent=5061"}],"wp:term":[{"taxonomy":"category","embeddable":true,"href":"https:\/\/www.cestanahoru.org\/index.php?rest_route=%2Fwp%2Fv2%2Fcategories&post=5061"},{"taxonomy":"post_tag","embeddable":true,"href":"https:\/\/www.cestanahoru.org\/index.php?rest_route=%2Fwp%2Fv2%2Ftags&post=5061"}],"curies":[{"name":"wp","href":"https:\/\/api.w.org\/{rel}","templated":true}]}}