{"id":5070,"date":"2013-07-13T09:12:44","date_gmt":"2013-07-13T07:12:44","guid":{"rendered":"https:\/\/www.cestanahoru.org\/?p=5070"},"modified":"2013-07-13T09:12:44","modified_gmt":"2013-07-13T07:12:44","slug":"modlitba-a-dech-ii","status":"publish","type":"post","link":"https:\/\/www.cestanahoru.org\/?p=5070","title":{"rendered":"Modlitba a dech II."},"content":{"rendered":"<p><em>Antonio Sicari (pokra\u010dov\u00e1n\u00ed)<\/em><\/p>\n<p><strong>Dech Je\u017e\u00ed\u0161\u016fv<\/strong><\/p>\n<p>Dech je na\u0161\u00edm \u017eivotem, v\u00a0d\u00fdch\u00e1n\u00ed jsou obsa\u017eeny v\u0161echny z\u00e1konitosti hmotn\u00e9ho i duchovn\u00edho \u017eivota. V\u00a0jednom trochu zvl\u00e1\u0161tn\u00edm textu nezn\u00e1m\u00e9ho autora, kter\u00fd v\u0161ak obsahuje zaj\u00edmav\u00e9 post\u0159ehy, jsem \u010detla: \u201ePl\u00edce v\u011bd\u00ed, \u017ee je t\u0159eba d\u00fdchat a poslouchaj\u00ed. C\u00edt\u00ed svoji chudobu a proto p\u0159ij\u00edmaj\u00ed vdechnut\u00ed. Miluj\u00ed \u010distotu a proto nech\u00e1vaj\u00ed vzduch vyj\u00edt z\u00a0t\u011bla ven. Samotn\u00fd proces d\u00fdch\u00e1n\u00ed n\u00e1s u\u010d\u00ed poslu\u0161nosti, chudob\u011b a \u010distot\u011b. Jsou v\u00a0n\u011bm obsa\u017eeny hlavn\u00ed z\u00e1kony milosti.<!--more--><\/p>\n<p>&nbsp;<\/p>\n<p>A co teprve dech Bo\u017e\u00edho Syna, kter\u00fd p\u0159i\u0161el mezi n\u00e1s a\u00a0jeho lidsk\u00e9m d\u00fdch\u00e1n\u00ed s\u00a0sebou p\u0159ineslo vylit\u00ed \u201eBo\u017e\u00edho Ducha\u201c na lidstvo a celou zem! V\u00a0evangeliu je tato ud\u00e1lost spojena s\u00a0Je\u017e\u00ed\u0161ovou smrt\u00ed na k\u0159\u00ed\u017ei: Je\u017e\u00ed\u0161 nejprve sklonil hlavu a vydechl (doslovn\u011b: odevzdal) sv\u00e9ho ducha. P\u0159i um\u00edr\u00e1n\u00ed je tomu ale obvykle naopak: um\u00edraj\u00edc\u00ed nejprve vydechne a pak se mu hlava sklon\u00ed na prsa. Co t\u00edm evangelista Jan cht\u011bl \u0159\u00edci? U pat k\u0159\u00ed\u017ee stoj\u00ed c\u00edrkev, kter\u00e1 Je\u017e\u00ed\u0161e miluje (je tam Marie, milovan\u00fd u\u010dedn\u00edk a \u017eeny, kter\u00e9 ho nikdy neopustily) a pr\u00e1v\u011b na ni Je\u017e\u00ed\u0161 vydechuje sv\u016fj posledn\u00ed dech. Pro l\u00e1sku \u017eil, l\u00e1skou d\u00fdchal cel\u00fd jeho \u017eivot, pro l\u00e1sku, aby ji sd\u00edlel, vydechl sv\u016fj posledn\u00ed dech.<\/p>\n<p>Posledn\u00ed Je\u017e\u00ed\u0161\u016fv dech je chv\u00edl\u00ed, v\u00a0n\u00ed\u017e je n\u00e1m darov\u00e1n Duch svat\u00fd. Na tuto sc\u00e9nu navazuje ve\u010der po vzk\u0159\u00ed\u0161en\u00ed, kdy Je\u017e\u00ed\u0161 p\u0159ich\u00e1z\u00ed mezi u\u010dedn\u00edky do ve\u010de\u0159adla a nach\u00e1z\u00ed je pln\u00e9 strachu a \u00fazkosti. Je\u017e\u00ed\u0161 je zdrav\u00ed. \u201ePokoj v\u00e1m!\u201c a d\u00fdch\u00e1 na n\u011b se slovy \u201eP\u0159ijm\u011bte Ducha svat\u00e9ho, komu odpust\u00edte h\u0159\u00edchy, tomu budou odpu\u0161t\u011bny a komu je neodpust\u00edte, nebudou odpu\u0161t\u011bny.\u201c Vzk\u0159\u00ed\u0161en\u00fd Je\u017e\u00ed\u0161 tak t\u00e9m\u011b\u0159 opakuje gesto Stvo\u0159itele na po\u010d\u00e1tku d\u011bjin a d\u00e1v\u00e1 mo\u017enost nov\u00e9ho \u017eivota.<\/p>\n<p>Kdy\u017e pak apo\u0161tolov\u00e9 budou popisovat svou k\u0159es\u0165anskou identitu, \u0159eknou: \u201eB\u016fh do na\u0161ich srdc\u00ed seslal dech sv\u00e9ho Syna, kter\u00fd v\u00a0n\u00e1s k\u0159i\u010d\u00ed \u201eAbba! Ot\u010de!\u201c (Gal 4,6) a budou tvrdit, \u017ee v\u00a0tom spo\u010d\u00edv\u00e1 jejich modlitba, modlitba, kter\u00e1 je nep\u0159eru\u0161en\u00e1 a pr\u00e1v\u011b tak podstatn\u00e1 jako je samotn\u00e9 d\u00fdch\u00e1n\u00ed.<\/p>\n<p>Abychom pochopili, co je z\u00e1klad k\u0159es\u0165ansk\u00e9 modlitby, sta\u010d\u00ed, kdy\u017e se pod\u00edv\u00e1me na miminko: rodi\u010de, kte\u0159\u00ed ho pozoruj\u00ed, ho po cel\u00e9 dlouh\u00e9 dny vid\u00ed jen d\u00fdchat, vyd\u00e1vat neartikulovan\u00e9 zvuky ne\u017e kone\u010dn\u011b z\u00a0n\u011bj vyjde dech se zvukem nesouc\u00edm prvn\u00ed z\u0159eteln\u00e1 slova: m\u00e1ma, t\u00e1ta.<\/p>\n<p>Kdy\u017e d\u00edt\u011b p\u0159ich\u00e1z\u00ed na sv\u011bt, jeho dech je spojen s\u00a0pl\u00e1\u010dem a k\u0159ikem, ve snaze p\u0159ijmout do sebe a vydat dech \u017eivota. Je to v\u0161ak v\u0161emi o\u010dek\u00e1van\u00fd dech a vol\u00e1n\u00ed, kter\u00fdmi vyjad\u0159uje svoji soun\u00e1le\u017eitost a l\u00e1sku k\u00a0\u017eivotu. Rodi\u010de i B\u016fh nedo\u010dkav\u011b \u010dekaj\u00ed na toto prvn\u00ed nadechnut\u00ed. Pavel \u0159\u00edk\u00e1, \u017ee takto jsme stvo\u0159eni: Duch uvnit\u0159 n\u00e1s tou\u017e\u00ed vyslovit otcovsk\u00e9 jm\u00e9no, ur\u010den\u00e9\u00a0Bohu.<\/p>\n<p>&nbsp;<\/p>\n<p>z it. origin\u00e1lu p\u0159elo\u017eila a upravila sd<\/p>\n","protected":false},"excerpt":{"rendered":"<p>Antonio Sicari (pokra\u010dov\u00e1n\u00ed) Dech Je\u017e\u00ed\u0161\u016fv Dech je na\u0161\u00edm \u017eivotem, v\u00a0d\u00fdch\u00e1n\u00ed jsou obsa\u017eeny v\u0161echny z\u00e1konitosti hmotn\u00e9ho i duchovn\u00edho \u017eivota. V\u00a0jednom trochu zvl\u00e1\u0161tn\u00edm textu nezn\u00e1m\u00e9ho autora, kter\u00fd v\u0161ak obsahuje zaj\u00edmav\u00e9 post\u0159ehy, jsem \u010detla: \u201ePl\u00edce v\u011bd\u00ed, \u017ee je t\u0159eba d\u00fdchat a poslouchaj\u00ed. C\u00edt\u00ed svoji chudobu a proto p\u0159ij\u00edmaj\u00ed vdechnut\u00ed. Miluj\u00ed \u010distotu a proto nech\u00e1vaj\u00ed vzduch vyj\u00edt z\u00a0t\u011bla ven. [&hellip;]<\/p>\n","protected":false},"author":1,"featured_media":0,"comment_status":"open","ping_status":"open","sticky":false,"template":"","format":"standard","meta":{"footnotes":""},"categories":[7],"tags":[],"_links":{"self":[{"href":"https:\/\/www.cestanahoru.org\/index.php?rest_route=\/wp\/v2\/posts\/5070"}],"collection":[{"href":"https:\/\/www.cestanahoru.org\/index.php?rest_route=\/wp\/v2\/posts"}],"about":[{"href":"https:\/\/www.cestanahoru.org\/index.php?rest_route=\/wp\/v2\/types\/post"}],"author":[{"embeddable":true,"href":"https:\/\/www.cestanahoru.org\/index.php?rest_route=\/wp\/v2\/users\/1"}],"replies":[{"embeddable":true,"href":"https:\/\/www.cestanahoru.org\/index.php?rest_route=%2Fwp%2Fv2%2Fcomments&post=5070"}],"version-history":[{"count":1,"href":"https:\/\/www.cestanahoru.org\/index.php?rest_route=\/wp\/v2\/posts\/5070\/revisions"}],"predecessor-version":[{"id":5071,"href":"https:\/\/www.cestanahoru.org\/index.php?rest_route=\/wp\/v2\/posts\/5070\/revisions\/5071"}],"wp:attachment":[{"href":"https:\/\/www.cestanahoru.org\/index.php?rest_route=%2Fwp%2Fv2%2Fmedia&parent=5070"}],"wp:term":[{"taxonomy":"category","embeddable":true,"href":"https:\/\/www.cestanahoru.org\/index.php?rest_route=%2Fwp%2Fv2%2Fcategories&post=5070"},{"taxonomy":"post_tag","embeddable":true,"href":"https:\/\/www.cestanahoru.org\/index.php?rest_route=%2Fwp%2Fv2%2Ftags&post=5070"}],"curies":[{"name":"wp","href":"https:\/\/api.w.org\/{rel}","templated":true}]}}