{"id":5654,"date":"2015-10-09T18:29:57","date_gmt":"2015-10-09T16:29:57","guid":{"rendered":"https:\/\/www.cestanahoru.org\/?p=5654"},"modified":"2015-10-09T18:31:11","modified_gmt":"2015-10-09T16:31:11","slug":"slavnost-sv-terezie-3","status":"publish","type":"post","link":"https:\/\/www.cestanahoru.org\/?p=5654","title":{"rendered":"Slavnost sv. Terezie"},"content":{"rendered":"<div id=\"attachment_5655\" style=\"width: 152px\" class=\"wp-caption alignleft\"><a href=\"https:\/\/www.cestanahoru.org\/wp-content\/uploads\/Tereza-a-Jan-florent\u0161t\u00ed.jpg\"><img loading=\"lazy\" decoding=\"async\" aria-describedby=\"caption-attachment-5655\" class=\" wp-image-5655 \" alt=\"Terezie a Jan, obraz z kl\u00e1\u0161tera sester karmelitek sv. Terezie ve Florencii\" src=\"https:\/\/www.cestanahoru.org\/wp-content\/uploads\/Tereza-a-Jan-florent\u0161t\u00ed-236x300.jpg\" width=\"142\" height=\"180\" srcset=\"https:\/\/www.cestanahoru.org\/wp-content\/uploads\/Tereza-a-Jan-florent\u0161t\u00ed-236x300.jpg 236w, https:\/\/www.cestanahoru.org\/wp-content\/uploads\/Tereza-a-Jan-florent\u0161t\u00ed-808x1024.jpg 808w, https:\/\/www.cestanahoru.org\/wp-content\/uploads\/Tereza-a-Jan-florent\u0161t\u00ed.jpg 1405w\" sizes=\"(max-width: 142px) 100vw, 142px\" \/><\/a><p id=\"caption-attachment-5655\" class=\"wp-caption-text\">Terezie a Jan, obraz z kl\u00e1\u0161tera sester karmelitek sv. Terezie ve Florencii<\/p><\/div>\n<p>Ve <strong>\u010dtvrtek 15. \u0159\u00edjna v 17.30h<\/strong> oslav\u00edme u n\u00e1s v kl\u00e1\u0161tern\u00ed kapli slavnost sv. Terezie od Je\u017e\u00ed\u0161e, p\u0159i kter\u00e9 obnov\u00ed sv\u00e9 \u010dasn\u00e9 \u0159eholn\u00ed sliby <em>sestra Irena od sv. Tv\u00e1\u0159e<\/em>. Eucharistii p\u0159edsed\u00e1 o. Franti\u0161ek Hylmar SJ. Srde\u010dn\u011b v\u00e1s zveme!<\/p>\n","protected":false},"excerpt":{"rendered":"<p>Ve \u010dtvrtek 15. \u0159\u00edjna v 17.30h oslav\u00edme u n\u00e1s v kl\u00e1\u0161tern\u00ed kapli slavnost sv. Terezie od Je\u017e\u00ed\u0161e, p\u0159i kter\u00e9 obnov\u00ed sv\u00e9 \u010dasn\u00e9 \u0159eholn\u00ed sliby sestra Irena od sv. Tv\u00e1\u0159e. Eucharistii p\u0159edsed\u00e1 o. Franti\u0161ek Hylmar SJ. Srde\u010dn\u011b v\u00e1s zveme!<\/p>\n","protected":false},"author":31,"featured_media":0,"comment_status":"open","ping_status":"open","sticky":false,"template":"","format":"standard","meta":{"footnotes":""},"categories":[11],"tags":[],"_links":{"self":[{"href":"https:\/\/www.cestanahoru.org\/index.php?rest_route=\/wp\/v2\/posts\/5654"}],"collection":[{"href":"https:\/\/www.cestanahoru.org\/index.php?rest_route=\/wp\/v2\/posts"}],"about":[{"href":"https:\/\/www.cestanahoru.org\/index.php?rest_route=\/wp\/v2\/types\/post"}],"author":[{"embeddable":true,"href":"https:\/\/www.cestanahoru.org\/index.php?rest_route=\/wp\/v2\/users\/31"}],"replies":[{"embeddable":true,"href":"https:\/\/www.cestanahoru.org\/index.php?rest_route=%2Fwp%2Fv2%2Fcomments&post=5654"}],"version-history":[{"count":3,"href":"https:\/\/www.cestanahoru.org\/index.php?rest_route=\/wp\/v2\/posts\/5654\/revisions"}],"predecessor-version":[{"id":5658,"href":"https:\/\/www.cestanahoru.org\/index.php?rest_route=\/wp\/v2\/posts\/5654\/revisions\/5658"}],"wp:attachment":[{"href":"https:\/\/www.cestanahoru.org\/index.php?rest_route=%2Fwp%2Fv2%2Fmedia&parent=5654"}],"wp:term":[{"taxonomy":"category","embeddable":true,"href":"https:\/\/www.cestanahoru.org\/index.php?rest_route=%2Fwp%2Fv2%2Fcategories&post=5654"},{"taxonomy":"post_tag","embeddable":true,"href":"https:\/\/www.cestanahoru.org\/index.php?rest_route=%2Fwp%2Fv2%2Ftags&post=5654"}],"curies":[{"name":"wp","href":"https:\/\/api.w.org\/{rel}","templated":true}]}}