{"id":5688,"date":"2015-10-21T09:50:26","date_gmt":"2015-10-21T07:50:26","guid":{"rendered":"https:\/\/www.cestanahoru.org\/?p=5688"},"modified":"2015-10-21T10:07:44","modified_gmt":"2015-10-21T08:07:44","slug":"hlas-klaviru","status":"publish","type":"post","link":"https:\/\/www.cestanahoru.org\/?p=5688","title":{"rendered":"Hlas Klav\u00edru"},"content":{"rendered":"<p><a href=\"https:\/\/www.cestanahoru.org\/wp-content\/uploads\/Hlas-Klav\u00edru-Jenov\u00e9fa-Ku\u010derov\u00e1.jpg\"><img loading=\"lazy\" decoding=\"async\" class=\"alignleft  wp-image-5689\" alt=\"Hlas Klav\u00edru - Jenov\u00e9fa Ku\u010derov\u00e1\" src=\"https:\/\/www.cestanahoru.org\/wp-content\/uploads\/Hlas-Klav\u00edru-Jenov\u00e9fa-Ku\u010derov\u00e1-300x212.jpg\" width=\"155\" height=\"109\" srcset=\"https:\/\/www.cestanahoru.org\/wp-content\/uploads\/Hlas-Klav\u00edru-Jenov\u00e9fa-Ku\u010derov\u00e1-300x212.jpg 300w, https:\/\/www.cestanahoru.org\/wp-content\/uploads\/Hlas-Klav\u00edru-Jenov\u00e9fa-Ku\u010derov\u00e1-1024x723.jpg 1024w\" sizes=\"(max-width: 155px) 100vw, 155px\" \/><\/a> Srde\u010dn\u011b zveme na <strong>klav\u00edrn\u00ed koncert <\/strong>Marie Jenov\u00e9fy Ku\u010derov\u00e9, kter\u00fd se kon\u00e1 p\u0159\u00ed\u0161t\u00ed<strong> pond\u011bl\u00ed 26. \u0159\u00edjna<\/strong> u n\u00e1s na Karmelu. Za\u010dneme tradi\u010dn\u011b eucharisti\u00ed v 19 hodin, po kter\u00e9 se pono\u0159\u00edme do poslechu p\u00edsn\u00ed pro s\u00f3lov\u00fd klav\u00edr.<br \/>\nZazn\u00ed skladby Shumana, Brahmse, Rachmaninova, ale tak\u00e9 t\u0159eba Dvo\u0159\u00e1kovy cik\u00e1nsk\u00e9 p\u00edsn\u011b, Ravelova hebrejsk\u00e1 malodie \u010di arm\u00e9nsk\u00e9 lidov\u00e9 p\u00edsn\u011b&#8230;<\/p>\n","protected":false},"excerpt":{"rendered":"<p>Srde\u010dn\u011b zveme na klav\u00edrn\u00ed koncert Marie Jenov\u00e9fy Ku\u010derov\u00e9, kter\u00fd se kon\u00e1 p\u0159\u00ed\u0161t\u00ed pond\u011bl\u00ed 26. \u0159\u00edjna u n\u00e1s na Karmelu. Za\u010dneme tradi\u010dn\u011b eucharisti\u00ed v 19 hodin, po kter\u00e9 se pono\u0159\u00edme do poslechu p\u00edsn\u00ed pro s\u00f3lov\u00fd klav\u00edr. Zazn\u00ed skladby Shumana, Brahmse, Rachmaninova, ale tak\u00e9 t\u0159eba Dvo\u0159\u00e1kovy cik\u00e1nsk\u00e9 p\u00edsn\u011b, Ravelova hebrejsk\u00e1 malodie \u010di arm\u00e9nsk\u00e9 lidov\u00e9 p\u00edsn\u011b&#8230;<\/p>\n","protected":false},"author":33,"featured_media":0,"comment_status":"open","ping_status":"open","sticky":false,"template":"","format":"standard","meta":{"footnotes":""},"categories":[5],"tags":[],"_links":{"self":[{"href":"https:\/\/www.cestanahoru.org\/index.php?rest_route=\/wp\/v2\/posts\/5688"}],"collection":[{"href":"https:\/\/www.cestanahoru.org\/index.php?rest_route=\/wp\/v2\/posts"}],"about":[{"href":"https:\/\/www.cestanahoru.org\/index.php?rest_route=\/wp\/v2\/types\/post"}],"author":[{"embeddable":true,"href":"https:\/\/www.cestanahoru.org\/index.php?rest_route=\/wp\/v2\/users\/33"}],"replies":[{"embeddable":true,"href":"https:\/\/www.cestanahoru.org\/index.php?rest_route=%2Fwp%2Fv2%2Fcomments&post=5688"}],"version-history":[{"count":12,"href":"https:\/\/www.cestanahoru.org\/index.php?rest_route=\/wp\/v2\/posts\/5688\/revisions"}],"predecessor-version":[{"id":5701,"href":"https:\/\/www.cestanahoru.org\/index.php?rest_route=\/wp\/v2\/posts\/5688\/revisions\/5701"}],"wp:attachment":[{"href":"https:\/\/www.cestanahoru.org\/index.php?rest_route=%2Fwp%2Fv2%2Fmedia&parent=5688"}],"wp:term":[{"taxonomy":"category","embeddable":true,"href":"https:\/\/www.cestanahoru.org\/index.php?rest_route=%2Fwp%2Fv2%2Fcategories&post=5688"},{"taxonomy":"post_tag","embeddable":true,"href":"https:\/\/www.cestanahoru.org\/index.php?rest_route=%2Fwp%2Fv2%2Ftags&post=5688"}],"curies":[{"name":"wp","href":"https:\/\/api.w.org\/{rel}","templated":true}]}}