{"id":654,"date":"2008-02-19T10:46:28","date_gmt":"2008-02-19T09:46:28","guid":{"rendered":"https:\/\/www.cestanahoru.org\/?p=654"},"modified":"2008-02-24T13:36:28","modified_gmt":"2008-02-24T12:36:28","slug":"uzivat-si-samoty-2","status":"publish","type":"post","link":"https:\/\/www.cestanahoru.org\/?p=654","title":{"rendered":"U\u017e\u00edvat si samoty"},"content":{"rendered":"<p>Tuto sobotu (23.2.2008) se na Karmelu v Jinonick\u00e9 22 uskute\u010dn\u00ed jednodenn\u00ed rekolekce, kter\u00e9 pro n\u00e1s p\u0159ipravila Mireia Ry\u0161kov\u00e1 z KTF UK. P\u0159ipojujeme n\u011bkolik z\u00e1kladn\u00edch informac\u00ed pro ty, kdo se v posledn\u00edch dnech ohl\u00e1sili pouze telefonicky a nem\u00e1me tedy mo\u017enost rozeslat jim podrobnosti mailem.<br \/>\nRekolekce prob\u00edhaj\u00ed v tichu, sou\u010d\u00e1st\u00ed programu je vedle pr\u00e1ce s biblick\u00fdm textem spole\u010dn\u00e1 kreativn\u00ed a individu\u00e1ln\u00ed tich\u00e1 meditace.<br \/>\nNen\u00ed t\u0159eba si s sebou br\u00e1t P\u00edsmo ani jin\u00e9 pom\u016fcky (pokud m\u00e1te vztah k malov\u00e1n\u00ed apod., je mo\u017en\u00e9 p\u0159in\u00e9st si vlastn\u00ed barvy a jin\u00fd materi\u00e1l), v\u0161e pot\u0159ebn\u00e9 bude k dispozici.<!--more--><\/p>\n<p>Lehk\u00e9 poledn\u00ed j\u00eddlo zajist\u00ed kl\u00e1\u0161ter, budeme r\u00e1di, kdy\u017e na st\u016fl n\u011b\u010d\u00edm p\u0159isp\u011bj\u00ed i dal\u0161\u00ed (su\u0161enky, ovoce, pe\u010divo, \u2026)<\/p>\n<p>Program<\/p>\n<p>9.30 \t\tza\u010d\u00e1tek<br \/>\n10.00 \t       prvn\u00ed \u010d\u00e1st<br \/>\n12.30 \t       ob\u011bd<br \/>\n14.30 \t       druh\u00e1 \u010d\u00e1st<br \/>\ncca 17h       m\u0161e sv. <\/p>\n","protected":false},"excerpt":{"rendered":"<p>Tuto sobotu (23.2.2008) se na Karmelu v Jinonick\u00e9 22 uskute\u010dn\u00ed jednodenn\u00ed rekolekce, kter\u00e9 pro n\u00e1s p\u0159ipravila Mireia Ry\u0161kov\u00e1 z KTF UK. P\u0159ipojujeme n\u011bkolik z\u00e1kladn\u00edch informac\u00ed pro ty, kdo se v posledn\u00edch dnech ohl\u00e1sili pouze telefonicky a nem\u00e1me tedy mo\u017enost rozeslat jim podrobnosti mailem. Rekolekce prob\u00edhaj\u00ed v tichu, sou\u010d\u00e1st\u00ed programu je vedle pr\u00e1ce s biblick\u00fdm textem [&hellip;]<\/p>\n","protected":false},"author":3,"featured_media":0,"comment_status":"open","ping_status":"open","sticky":false,"template":"","format":"standard","meta":{"footnotes":""},"categories":[11],"tags":[],"_links":{"self":[{"href":"https:\/\/www.cestanahoru.org\/index.php?rest_route=\/wp\/v2\/posts\/654"}],"collection":[{"href":"https:\/\/www.cestanahoru.org\/index.php?rest_route=\/wp\/v2\/posts"}],"about":[{"href":"https:\/\/www.cestanahoru.org\/index.php?rest_route=\/wp\/v2\/types\/post"}],"author":[{"embeddable":true,"href":"https:\/\/www.cestanahoru.org\/index.php?rest_route=\/wp\/v2\/users\/3"}],"replies":[{"embeddable":true,"href":"https:\/\/www.cestanahoru.org\/index.php?rest_route=%2Fwp%2Fv2%2Fcomments&post=654"}],"version-history":[{"count":0,"href":"https:\/\/www.cestanahoru.org\/index.php?rest_route=\/wp\/v2\/posts\/654\/revisions"}],"wp:attachment":[{"href":"https:\/\/www.cestanahoru.org\/index.php?rest_route=%2Fwp%2Fv2%2Fmedia&parent=654"}],"wp:term":[{"taxonomy":"category","embeddable":true,"href":"https:\/\/www.cestanahoru.org\/index.php?rest_route=%2Fwp%2Fv2%2Fcategories&post=654"},{"taxonomy":"post_tag","embeddable":true,"href":"https:\/\/www.cestanahoru.org\/index.php?rest_route=%2Fwp%2Fv2%2Ftags&post=654"}],"curies":[{"name":"wp","href":"https:\/\/api.w.org\/{rel}","templated":true}]}}