{"id":661,"date":"2008-02-23T15:14:03","date_gmt":"2008-02-23T14:14:03","guid":{"rendered":"https:\/\/www.cestanahoru.org\/?p=661"},"modified":"2008-02-23T15:14:03","modified_gmt":"2008-02-23T14:14:03","slug":"prakticko-teoreticky-uvod-do-kontemplativni-modlitby","status":"publish","type":"post","link":"https:\/\/www.cestanahoru.org\/?p=661","title":{"rendered":"Prakticko-teoretick\u00fd \u00favod do kontemplativn\u00ed modlitby"},"content":{"rendered":"<p>za\u010d\u00edn\u00e1me st\u0159edou <strong>27.2. v 19.30h<\/strong>. Budeme pokra\u010dovat pravideln\u011b ka\u017ed\u00fdch \u010dtrn\u00e1ct dn\u00ed (p\u0159\u00edpadn\u00e9 v\u00fdjimky zde v\u017edy uvedeme) po cel\u00fd letn\u00ed semestr. Setk\u00e1n\u00ed trv\u00e1 cca 1,5h, kon\u00e1 se u sester karmelitek v Jinonick\u00e9 22 (Praha-Ko\u0161\u00ed\u0159e), vede sestra Denisa \u010cervenkov\u00e1 a host\u00e9.<br \/>\nTento \u00favod je ur\u010den naprost\u00fdm za\u010d\u00e1te\u010dn\u00edk\u016fm, zejm\u00e9na t\u011bm, kte\u0159\u00ed se dosud neodv\u00e1\u017eili nav\u0161t\u00edvit \u00fatern\u00ed tich\u00e9 meditace v krypt\u011b, proto\u017ee nev\u00ed, co si v modlitb\u011b po\u010d\u00edt s tichem.<\/p>\n","protected":false},"excerpt":{"rendered":"<p>za\u010d\u00edn\u00e1me st\u0159edou 27.2. v 19.30h. Budeme pokra\u010dovat pravideln\u011b ka\u017ed\u00fdch \u010dtrn\u00e1ct dn\u00ed (p\u0159\u00edpadn\u00e9 v\u00fdjimky zde v\u017edy uvedeme) po cel\u00fd letn\u00ed semestr. Setk\u00e1n\u00ed trv\u00e1 cca 1,5h, kon\u00e1 se u sester karmelitek v Jinonick\u00e9 22 (Praha-Ko\u0161\u00ed\u0159e), vede sestra Denisa \u010cervenkov\u00e1 a host\u00e9. Tento \u00favod je ur\u010den naprost\u00fdm za\u010d\u00e1te\u010dn\u00edk\u016fm, zejm\u00e9na t\u011bm, kte\u0159\u00ed se dosud neodv\u00e1\u017eili nav\u0161t\u00edvit \u00fatern\u00ed tich\u00e9 meditace [&hellip;]<\/p>\n","protected":false},"author":3,"featured_media":0,"comment_status":"open","ping_status":"open","sticky":false,"template":"","format":"standard","meta":{"footnotes":""},"categories":[7],"tags":[],"_links":{"self":[{"href":"https:\/\/www.cestanahoru.org\/index.php?rest_route=\/wp\/v2\/posts\/661"}],"collection":[{"href":"https:\/\/www.cestanahoru.org\/index.php?rest_route=\/wp\/v2\/posts"}],"about":[{"href":"https:\/\/www.cestanahoru.org\/index.php?rest_route=\/wp\/v2\/types\/post"}],"author":[{"embeddable":true,"href":"https:\/\/www.cestanahoru.org\/index.php?rest_route=\/wp\/v2\/users\/3"}],"replies":[{"embeddable":true,"href":"https:\/\/www.cestanahoru.org\/index.php?rest_route=%2Fwp%2Fv2%2Fcomments&post=661"}],"version-history":[{"count":0,"href":"https:\/\/www.cestanahoru.org\/index.php?rest_route=\/wp\/v2\/posts\/661\/revisions"}],"wp:attachment":[{"href":"https:\/\/www.cestanahoru.org\/index.php?rest_route=%2Fwp%2Fv2%2Fmedia&parent=661"}],"wp:term":[{"taxonomy":"category","embeddable":true,"href":"https:\/\/www.cestanahoru.org\/index.php?rest_route=%2Fwp%2Fv2%2Fcategories&post=661"},{"taxonomy":"post_tag","embeddable":true,"href":"https:\/\/www.cestanahoru.org\/index.php?rest_route=%2Fwp%2Fv2%2Ftags&post=661"}],"curies":[{"name":"wp","href":"https:\/\/api.w.org\/{rel}","templated":true}]}}