{"id":6839,"date":"2018-02-20T17:18:10","date_gmt":"2018-02-20T16:18:10","guid":{"rendered":"https:\/\/www.cestanahoru.org\/?p=6839"},"modified":"2018-02-20T17:18:10","modified_gmt":"2018-02-20T16:18:10","slug":"kurz-247-mezi-dusi-a-duchem-xxl","status":"publish","type":"post","link":"https:\/\/www.cestanahoru.org\/?p=6839","title":{"rendered":"Kurz 247: Mezi du\u0161\u00ed a Duchem XXL"},"content":{"rendered":"<p><a href=\"https:\/\/www.cestanahoru.org\/wp-content\/uploads\/images1.jpg\"><img loading=\"lazy\" decoding=\"async\" class=\"alignleft size-full wp-image-6840\" alt=\"images\" src=\"https:\/\/www.cestanahoru.org\/wp-content\/uploads\/images1.jpg\" width=\"259\" height=\"194\" \/><\/a>20.-24. 6. 2018, st\u0159eda 18.00 a\u017e ned\u011ble 15.00<br \/>\nPernink (Kru\u0161n\u00e9 hory)<br \/>\nRekolekce v\u011bnovan\u00e9 prohlouben\u00ed sebepozn\u00e1n\u00ed, kter\u00e9 je z\u00e1kladem pro cestu k autenti\u010dt\u011bj\u0161\u00edmu pro\u017e\u00edv\u00e1n\u00ed duchovn\u00edho \u017eivota. Zam\u011b\u0159\u00edme se na hlub\u0161\u00ed uv\u011bdom\u011bn\u00ed vnit\u0159n\u00ed struktury osobnosti a na zp\u016fsoby, jak m\u011bnit navykl\u00e9 vzorce pro\u017e\u00edv\u00e1n\u00ed a chov\u00e1n\u00ed. Zmapujeme vnit\u0159n\u00ed p\u0159ek\u00e1\u017eky rozvoje, t\u011b\u017ekosti na cest\u011b ke zdrav\u011bj\u0161\u00ed spiritualit\u011b, spou\u0161t\u011b\u010de automatick\u00fdch reakc\u00ed a jejich projevy. Budeme zkoumat st\u00ednov\u00e9 aspekty na\u0161\u00ed osobnosti, role, kter\u00e9 hrajeme sami se sebou i s druh\u00fdmi lidmi. Budeme se spole\u010dn\u011b u\u010dit dostat do kontaktu s vnit\u0159n\u00edmi zdroji a kvalitami, kter\u00e9 n\u00e1s podporuj\u00ed a vedou. Nezbytnou sou\u010d\u00e1st\u00ed bude pobyt v p\u0159\u00edrod\u011b, silencium, meditace a modlitba. Doprov\u00e1z\u00ed psychotereapeut Michal Petr a sestra Denisa \u010cervenkov\u00e1, CSTF. Cena: 4250 K\u010d. P\u0159ihl\u00e1\u0161ky sm\u011b\u0159ujte na obvyklou exerci\u010dn\u00ed adresu meditace@gmail.com<br \/>\nPodm\u00ednky \u00fa\u010dasti:<br \/>\n\u2022 absolvovat V\u00edkend mezi du\u0161\u00ed a Duchem I.<br \/>\n\u2022 zn\u00e1t sv\u016fj ennea-typ<br \/>\n\u2022 b\u00fdt ochoten a schopen intenzivn\u00ed pr\u00e1ce.<\/p>\n","protected":false},"excerpt":{"rendered":"<p>20.-24. 6. 2018, st\u0159eda 18.00 a\u017e ned\u011ble 15.00 Pernink (Kru\u0161n\u00e9 hory) Rekolekce v\u011bnovan\u00e9 prohlouben\u00ed sebepozn\u00e1n\u00ed, kter\u00e9 je z\u00e1kladem pro cestu k autenti\u010dt\u011bj\u0161\u00edmu pro\u017e\u00edv\u00e1n\u00ed duchovn\u00edho \u017eivota. Zam\u011b\u0159\u00edme se na hlub\u0161\u00ed uv\u011bdom\u011bn\u00ed vnit\u0159n\u00ed struktury osobnosti a na zp\u016fsoby, jak m\u011bnit navykl\u00e9 vzorce pro\u017e\u00edv\u00e1n\u00ed a chov\u00e1n\u00ed. Zmapujeme vnit\u0159n\u00ed p\u0159ek\u00e1\u017eky rozvoje, t\u011b\u017ekosti na cest\u011b ke zdrav\u011bj\u0161\u00ed spiritualit\u011b, spou\u0161t\u011b\u010de automatick\u00fdch [&hellip;]<\/p>\n","protected":false},"author":1,"featured_media":0,"comment_status":"open","ping_status":"open","sticky":false,"template":"","format":"standard","meta":{"footnotes":""},"categories":[8],"tags":[],"_links":{"self":[{"href":"https:\/\/www.cestanahoru.org\/index.php?rest_route=\/wp\/v2\/posts\/6839"}],"collection":[{"href":"https:\/\/www.cestanahoru.org\/index.php?rest_route=\/wp\/v2\/posts"}],"about":[{"href":"https:\/\/www.cestanahoru.org\/index.php?rest_route=\/wp\/v2\/types\/post"}],"author":[{"embeddable":true,"href":"https:\/\/www.cestanahoru.org\/index.php?rest_route=\/wp\/v2\/users\/1"}],"replies":[{"embeddable":true,"href":"https:\/\/www.cestanahoru.org\/index.php?rest_route=%2Fwp%2Fv2%2Fcomments&post=6839"}],"version-history":[{"count":1,"href":"https:\/\/www.cestanahoru.org\/index.php?rest_route=\/wp\/v2\/posts\/6839\/revisions"}],"predecessor-version":[{"id":6841,"href":"https:\/\/www.cestanahoru.org\/index.php?rest_route=\/wp\/v2\/posts\/6839\/revisions\/6841"}],"wp:attachment":[{"href":"https:\/\/www.cestanahoru.org\/index.php?rest_route=%2Fwp%2Fv2%2Fmedia&parent=6839"}],"wp:term":[{"taxonomy":"category","embeddable":true,"href":"https:\/\/www.cestanahoru.org\/index.php?rest_route=%2Fwp%2Fv2%2Fcategories&post=6839"},{"taxonomy":"post_tag","embeddable":true,"href":"https:\/\/www.cestanahoru.org\/index.php?rest_route=%2Fwp%2Fv2%2Ftags&post=6839"}],"curies":[{"name":"wp","href":"https:\/\/api.w.org\/{rel}","templated":true}]}}