{"id":6864,"date":"2024-05-25T11:03:36","date_gmt":"2024-05-25T09:03:36","guid":{"rendered":"https:\/\/www.cestanahoru.org\/?p=6864"},"modified":"2025-01-14T11:20:04","modified_gmt":"2025-01-14T10:20:04","slug":"volna-mista-v-koinonii-2","status":"publish","type":"post","link":"https:\/\/www.cestanahoru.org\/?p=6864","title":{"rendered":"Voln\u00e1 m\u00edsta v Koinonii"},"content":{"rendered":"<p style=\"text-align: center;\"><a href=\"https:\/\/www.cestanahoru.org\/?attachment_id=7744\"><img loading=\"lazy\" decoding=\"async\" class=\"alignleft wp-image-7744 size-medium\" src=\"https:\/\/www.cestanahoru.org\/wp-content\/uploads\/Screen-Shot-2024-05-19-at-11.21.34-300x201.png\" alt=\"\" width=\"300\" height=\"201\" srcset=\"https:\/\/www.cestanahoru.org\/wp-content\/uploads\/Screen-Shot-2024-05-19-at-11.21.34-300x201.png 300w, https:\/\/www.cestanahoru.org\/wp-content\/uploads\/Screen-Shot-2024-05-19-at-11.21.34.png 585w\" sizes=\"(max-width: 300px) 100vw, 300px\" \/><\/a>Mil\u00ed p\u0159\u00e1tel\u00e9, uvolnilo se n\u00e1m jedno studentsk\u00e9 voln\u00e9 m\u00edsto k bydlen\u00ed v r\u00e1mci projektu Koinonia, n\u00e1stup mo\u017en\u00fd od ledna 2025.<\/p>\n<p style=\"text-align: center;\">V\u00edce informac\u00ed o podm\u00ednk\u00e1ch ubytov\u00e1n\u00ed na str\u00e1nce <a href=\"https:\/\/www.cestanahoru.org\/?page_id=41\">Koinonie<\/a> a na na mailu karmelitky(zavin\u00e1\u010d)gmail.com<\/p>\n<p>edit: OBSAZENO. Info k ubytov\u00e1n\u00ed na p\u0159\u00ed\u0161t\u00ed akademick\u00fd rok budeme m\u00edt na konci kv\u011btna 2025.<\/p>\n","protected":false},"excerpt":{"rendered":"<p>Mil\u00ed p\u0159\u00e1tel\u00e9, uvolnilo se n\u00e1m jedno studentsk\u00e9 voln\u00e9 m\u00edsto k bydlen\u00ed v r\u00e1mci projektu Koinonia, n\u00e1stup mo\u017en\u00fd od ledna 2025. V\u00edce informac\u00ed o podm\u00ednk\u00e1ch ubytov\u00e1n\u00ed na str\u00e1nce Koinonie a na na mailu karmelitky(zavin\u00e1\u010d)gmail.com edit: OBSAZENO. Info k ubytov\u00e1n\u00ed na p\u0159\u00ed\u0161t\u00ed akademick\u00fd rok budeme m\u00edt na konci kv\u011btna 2025.<\/p>\n","protected":false},"author":1,"featured_media":0,"comment_status":"open","ping_status":"open","sticky":false,"template":"","format":"standard","meta":{"footnotes":""},"categories":[3,11],"tags":[],"_links":{"self":[{"href":"https:\/\/www.cestanahoru.org\/index.php?rest_route=\/wp\/v2\/posts\/6864"}],"collection":[{"href":"https:\/\/www.cestanahoru.org\/index.php?rest_route=\/wp\/v2\/posts"}],"about":[{"href":"https:\/\/www.cestanahoru.org\/index.php?rest_route=\/wp\/v2\/types\/post"}],"author":[{"embeddable":true,"href":"https:\/\/www.cestanahoru.org\/index.php?rest_route=\/wp\/v2\/users\/1"}],"replies":[{"embeddable":true,"href":"https:\/\/www.cestanahoru.org\/index.php?rest_route=%2Fwp%2Fv2%2Fcomments&post=6864"}],"version-history":[{"count":15,"href":"https:\/\/www.cestanahoru.org\/index.php?rest_route=\/wp\/v2\/posts\/6864\/revisions"}],"predecessor-version":[{"id":7859,"href":"https:\/\/www.cestanahoru.org\/index.php?rest_route=\/wp\/v2\/posts\/6864\/revisions\/7859"}],"wp:attachment":[{"href":"https:\/\/www.cestanahoru.org\/index.php?rest_route=%2Fwp%2Fv2%2Fmedia&parent=6864"}],"wp:term":[{"taxonomy":"category","embeddable":true,"href":"https:\/\/www.cestanahoru.org\/index.php?rest_route=%2Fwp%2Fv2%2Fcategories&post=6864"},{"taxonomy":"post_tag","embeddable":true,"href":"https:\/\/www.cestanahoru.org\/index.php?rest_route=%2Fwp%2Fv2%2Ftags&post=6864"}],"curies":[{"name":"wp","href":"https:\/\/api.w.org\/{rel}","templated":true}]}}