{"id":6995,"date":"2019-02-07T16:52:56","date_gmt":"2019-02-07T15:52:56","guid":{"rendered":"https:\/\/www.cestanahoru.org\/?p=6995"},"modified":"2019-02-07T17:13:15","modified_gmt":"2019-02-07T16:13:15","slug":"pravidla-a-prekazky-v-rozlisovani-3","status":"publish","type":"post","link":"https:\/\/www.cestanahoru.org\/?p=6995","title":{"rendered":"Pravidla a p\u0159ek\u00e1\u017eky v rozli\u0161ov\u00e1n\u00ed"},"content":{"rendered":"<p><a href=\"https:\/\/www.cestanahoru.org\/wp-content\/uploads\/let\u00e1\u010dek-duben-2019.jpg\"><img loading=\"lazy\" decoding=\"async\" class=\"alignleft  wp-image-7000\" alt=\"let\u00e1\u010dek duben 2019\" src=\"https:\/\/www.cestanahoru.org\/wp-content\/uploads\/let\u00e1\u010dek-duben-2019-206x300.jpg\" width=\"156\" height=\"228\" srcset=\"https:\/\/www.cestanahoru.org\/wp-content\/uploads\/let\u00e1\u010dek-duben-2019-206x300.jpg 206w, https:\/\/www.cestanahoru.org\/wp-content\/uploads\/let\u00e1\u010dek-duben-2019.jpg 600w\" sizes=\"(max-width: 156px) 100vw, 156px\" \/><\/a>Dal\u0161\u00ed setk\u00e1n\u00ed z cyklu pro mlad\u00e9 \u017eeny od 20 do 35 let, kter\u00e9 se rozhoduj\u00ed o sv\u00e9 \u017eivotn\u00ed cest\u011b. Prob\u011bhne v kl\u00e1\u0161te\u0159e bos\u00fdch karmelit\u00e1n\u016f ve Slan\u00e9m od <strong>25. do 28. dubna 2019<\/strong>. Budeme se v\u011bnovat t\u00e9mat\u016fm, kter\u00e1 souvisej\u00ed s hled\u00e1n\u00edm vlastn\u00edho povol\u00e1n\u00ed jako jsou pravidla rozli\u0161ov\u00e1n\u00ed, ot\u00e1zka lidsk\u00e9 svobody a Bo\u017e\u00ed v\u016fle. Pozronost zam\u011b\u0159\u00edme na nejr\u016fzn\u011bj\u0161\u00ed p\u0159ek\u00e1\u017eky a obavy, kter\u00e9 je mo\u017en\u00e9 potkat na cest\u011b rozli\u0161ov\u00e1n\u00ed a rozhodov\u00e1n\u00ed. Velk\u00e1 \u010d\u00e1st prostoru je v\u011bnov\u00e1na modlitb\u011b a prohlouben\u00ed osobn\u00edho vztahu s Bohem.<br \/>\nJe mo\u017en\u00e9 se p\u0159ipojit i bez \u00fa\u010dasti na p\u0159edchoz\u00edm setk\u00e1n\u00ed. Podm\u00ednkou je v\u0161ak alespo\u0148 jeden osobn\u00ed rozhovor p\u0159edem. V\u00edce info na karmelitky(zavin\u00e1\u010d)gmail.com<\/p>\n","protected":false},"excerpt":{"rendered":"<p>Dal\u0161\u00ed setk\u00e1n\u00ed z cyklu pro mlad\u00e9 \u017eeny od 20 do 35 let, kter\u00e9 se rozhoduj\u00ed o sv\u00e9 \u017eivotn\u00ed cest\u011b. Prob\u011bhne v kl\u00e1\u0161te\u0159e bos\u00fdch karmelit\u00e1n\u016f ve Slan\u00e9m od 25. do 28. dubna 2019. Budeme se v\u011bnovat t\u00e9mat\u016fm, kter\u00e1 souvisej\u00ed s hled\u00e1n\u00edm vlastn\u00edho povol\u00e1n\u00ed jako jsou pravidla rozli\u0161ov\u00e1n\u00ed, ot\u00e1zka lidsk\u00e9 svobody a Bo\u017e\u00ed v\u016fle. Pozronost zam\u011b\u0159\u00edme na [&hellip;]<\/p>\n","protected":false},"author":1,"featured_media":0,"comment_status":"open","ping_status":"open","sticky":false,"template":"","format":"standard","meta":{"footnotes":""},"categories":[1],"tags":[],"_links":{"self":[{"href":"https:\/\/www.cestanahoru.org\/index.php?rest_route=\/wp\/v2\/posts\/6995"}],"collection":[{"href":"https:\/\/www.cestanahoru.org\/index.php?rest_route=\/wp\/v2\/posts"}],"about":[{"href":"https:\/\/www.cestanahoru.org\/index.php?rest_route=\/wp\/v2\/types\/post"}],"author":[{"embeddable":true,"href":"https:\/\/www.cestanahoru.org\/index.php?rest_route=\/wp\/v2\/users\/1"}],"replies":[{"embeddable":true,"href":"https:\/\/www.cestanahoru.org\/index.php?rest_route=%2Fwp%2Fv2%2Fcomments&post=6995"}],"version-history":[{"count":7,"href":"https:\/\/www.cestanahoru.org\/index.php?rest_route=\/wp\/v2\/posts\/6995\/revisions"}],"predecessor-version":[{"id":7005,"href":"https:\/\/www.cestanahoru.org\/index.php?rest_route=\/wp\/v2\/posts\/6995\/revisions\/7005"}],"wp:attachment":[{"href":"https:\/\/www.cestanahoru.org\/index.php?rest_route=%2Fwp%2Fv2%2Fmedia&parent=6995"}],"wp:term":[{"taxonomy":"category","embeddable":true,"href":"https:\/\/www.cestanahoru.org\/index.php?rest_route=%2Fwp%2Fv2%2Fcategories&post=6995"},{"taxonomy":"post_tag","embeddable":true,"href":"https:\/\/www.cestanahoru.org\/index.php?rest_route=%2Fwp%2Fv2%2Ftags&post=6995"}],"curies":[{"name":"wp","href":"https:\/\/api.w.org\/{rel}","templated":true}]}}