{"id":7035,"date":"2019-05-01T15:07:03","date_gmt":"2019-05-01T13:07:03","guid":{"rendered":"https:\/\/www.cestanahoru.org\/?p=7035"},"modified":"2019-05-01T15:07:03","modified_gmt":"2019-05-01T13:07:03","slug":"pavel-klusak-smrt-autora-hudba-kroceneho-ega-2","status":"publish","type":"post","link":"https:\/\/www.cestanahoru.org\/?p=7035","title":{"rendered":"Pavel Klus\u00e1k -Smrt autora: Hudba krocen\u00e9ho ega"},"content":{"rendered":"<p><a href=\"https:\/\/www.cestanahoru.org\/wp-content\/uploads\/alligators.jpg\"><img loading=\"lazy\" decoding=\"async\" class=\"alignleft size-medium wp-image-7030\" alt=\"OLYMPUS DIGITAL CAMERA\" src=\"https:\/\/www.cestanahoru.org\/wp-content\/uploads\/alligators-300x225.jpg\" width=\"300\" height=\"225\" srcset=\"https:\/\/www.cestanahoru.org\/wp-content\/uploads\/alligators-300x225.jpg 300w, https:\/\/www.cestanahoru.org\/wp-content\/uploads\/alligators-1024x768.jpg 1024w\" sizes=\"(max-width: 300px) 100vw, 300px\" \/><\/a>Tv\u016frci, kte\u0159\u00ed ustupuj\u00ed od direktivn\u00edho autorstv\u00ed k otev\u0159en\u00fdm postup\u016fm, jsou t\u00e9matem ve\u010dera s publicistou Pavlem Klus\u00e1kem. Hudba n\u00e1hody, kolektiv\u016f, generativn\u00edch postup\u016f \u010di nep\u0159edv\u00eddateln\u00e9 p\u0159\u00edtomnosti m\u00e1 jedno spole\u010dn\u00e9: z\u00e1m\u011brn\u00fd odstup od vlastn\u00edho ega, a p\u0159ece z\u00e1rove\u0148 setrv\u00e1n\u00ed v kreativit\u011b.<\/p>\n<p>Budete v\u00edt\u00e1ni u n\u00e1s na Karmelu <b>v pond\u011bl\u00ed 13. kv\u011btna <\/b>ve<b> 20h<\/b>!Pokud byste cht\u011bli, p\u0159edt\u00edm v<b> 19h<\/b> slav\u00edme\u00a0 v na\u0161\u00ed kapli eucharistii, tak\u00e9 srde\u010dn\u011b zveme.<\/p>\n","protected":false},"excerpt":{"rendered":"<p>Tv\u016frci, kte\u0159\u00ed ustupuj\u00ed od direktivn\u00edho autorstv\u00ed k otev\u0159en\u00fdm postup\u016fm, jsou t\u00e9matem ve\u010dera s publicistou Pavlem Klus\u00e1kem. Hudba n\u00e1hody, kolektiv\u016f, generativn\u00edch postup\u016f \u010di nep\u0159edv\u00eddateln\u00e9 p\u0159\u00edtomnosti m\u00e1 jedno spole\u010dn\u00e9: z\u00e1m\u011brn\u00fd odstup od vlastn\u00edho ega, a p\u0159ece z\u00e1rove\u0148 setrv\u00e1n\u00ed v kreativit\u011b. Budete v\u00edt\u00e1ni u n\u00e1s na Karmelu v pond\u011bl\u00ed 13. kv\u011btna ve 20h!Pokud byste cht\u011bli, p\u0159edt\u00edm v 19h [&hellip;]<\/p>\n","protected":false},"author":1,"featured_media":0,"comment_status":"open","ping_status":"open","sticky":false,"template":"","format":"standard","meta":{"footnotes":""},"categories":[6],"tags":[],"_links":{"self":[{"href":"https:\/\/www.cestanahoru.org\/index.php?rest_route=\/wp\/v2\/posts\/7035"}],"collection":[{"href":"https:\/\/www.cestanahoru.org\/index.php?rest_route=\/wp\/v2\/posts"}],"about":[{"href":"https:\/\/www.cestanahoru.org\/index.php?rest_route=\/wp\/v2\/types\/post"}],"author":[{"embeddable":true,"href":"https:\/\/www.cestanahoru.org\/index.php?rest_route=\/wp\/v2\/users\/1"}],"replies":[{"embeddable":true,"href":"https:\/\/www.cestanahoru.org\/index.php?rest_route=%2Fwp%2Fv2%2Fcomments&post=7035"}],"version-history":[{"count":1,"href":"https:\/\/www.cestanahoru.org\/index.php?rest_route=\/wp\/v2\/posts\/7035\/revisions"}],"predecessor-version":[{"id":7036,"href":"https:\/\/www.cestanahoru.org\/index.php?rest_route=\/wp\/v2\/posts\/7035\/revisions\/7036"}],"wp:attachment":[{"href":"https:\/\/www.cestanahoru.org\/index.php?rest_route=%2Fwp%2Fv2%2Fmedia&parent=7035"}],"wp:term":[{"taxonomy":"category","embeddable":true,"href":"https:\/\/www.cestanahoru.org\/index.php?rest_route=%2Fwp%2Fv2%2Fcategories&post=7035"},{"taxonomy":"post_tag","embeddable":true,"href":"https:\/\/www.cestanahoru.org\/index.php?rest_route=%2Fwp%2Fv2%2Ftags&post=7035"}],"curies":[{"name":"wp","href":"https:\/\/api.w.org\/{rel}","templated":true}]}}