{"id":7048,"date":"2019-06-01T15:10:58","date_gmt":"2019-06-01T13:10:58","guid":{"rendered":"https:\/\/www.cestanahoru.org\/?p=7048"},"modified":"2019-06-01T15:11:30","modified_gmt":"2019-06-01T13:11:30","slug":"zahradni-soiree-5","status":"publish","type":"post","link":"https:\/\/www.cestanahoru.org\/?p=7048","title":{"rendered":"Zahradn\u00ed soir\u00e9e"},"content":{"rendered":"<p><a href=\"https:\/\/www.cestanahoru.org\/wp-content\/uploads\/DSC03406.jpg\"><img loading=\"lazy\" decoding=\"async\" class=\"alignleft  wp-image-7049\" alt=\"DSC03406\" src=\"https:\/\/www.cestanahoru.org\/wp-content\/uploads\/DSC03406-300x225.jpg\" width=\"240\" height=\"180\" srcset=\"https:\/\/www.cestanahoru.org\/wp-content\/uploads\/DSC03406-300x225.jpg 300w, https:\/\/www.cestanahoru.org\/wp-content\/uploads\/DSC03406-1024x768.jpg 1024w\" sizes=\"(max-width: 240px) 100vw, 240px\" \/><\/a>V pond\u011bl\u00ed<strong> 17. \u010dervna<\/strong> bude u n\u00e1s na zahrad\u011b Karmelu v Ko\u0161\u00ed\u0159\u00edch <em>soir\u00e9e<\/em>. Je to posledn\u00ed neform\u00e1ln\u00ed p\u0159\u00edle\u017eitost pozdravit se p\u0159ed letn\u00edmi pr\u00e1zdninami, sejdeme se na r\u016fzn\u00fdch aktivit\u00e1ch zase a\u017e se za\u010d\u00e1tkem akademick\u00e9ho roku (v \u0159\u00edjnu). T\u011b\u0161\u00edme se na v\u00e1s. V<strong> 19h<\/strong> slav\u00edme eucharistii, pak budeme voln\u011b konverzovat, ob\u010derstvovat se ve st\u00ednu strom\u016f\u2026 Pokud chcete n\u011b\u010d\u00edm obohatit st\u016fl, budeme r\u00e1dy. Velmi se na v\u00e1s t\u011b\u0161\u00edme a srde\u010dn\u011b\u00a0 zveme v\u00e1s i va\u0161e p\u0159\u00e1tele a zn\u00e1m\u00e9.<\/p>\n<p style=\"text-align: right;\">va\u0161e sestry karmelitky<\/p>\n","protected":false},"excerpt":{"rendered":"<p>V pond\u011bl\u00ed 17. \u010dervna bude u n\u00e1s na zahrad\u011b Karmelu v Ko\u0161\u00ed\u0159\u00edch soir\u00e9e. Je to posledn\u00ed neform\u00e1ln\u00ed p\u0159\u00edle\u017eitost pozdravit se p\u0159ed letn\u00edmi pr\u00e1zdninami, sejdeme se na r\u016fzn\u00fdch aktivit\u00e1ch zase a\u017e se za\u010d\u00e1tkem akademick\u00e9ho roku (v \u0159\u00edjnu). T\u011b\u0161\u00edme se na v\u00e1s. V 19h slav\u00edme eucharistii, pak budeme voln\u011b konverzovat, ob\u010derstvovat se ve st\u00ednu strom\u016f\u2026 Pokud chcete [&hellip;]<\/p>\n","protected":false},"author":1,"featured_media":0,"comment_status":"open","ping_status":"open","sticky":false,"template":"","format":"standard","meta":{"footnotes":""},"categories":[6],"tags":[],"_links":{"self":[{"href":"https:\/\/www.cestanahoru.org\/index.php?rest_route=\/wp\/v2\/posts\/7048"}],"collection":[{"href":"https:\/\/www.cestanahoru.org\/index.php?rest_route=\/wp\/v2\/posts"}],"about":[{"href":"https:\/\/www.cestanahoru.org\/index.php?rest_route=\/wp\/v2\/types\/post"}],"author":[{"embeddable":true,"href":"https:\/\/www.cestanahoru.org\/index.php?rest_route=\/wp\/v2\/users\/1"}],"replies":[{"embeddable":true,"href":"https:\/\/www.cestanahoru.org\/index.php?rest_route=%2Fwp%2Fv2%2Fcomments&post=7048"}],"version-history":[{"count":2,"href":"https:\/\/www.cestanahoru.org\/index.php?rest_route=\/wp\/v2\/posts\/7048\/revisions"}],"predecessor-version":[{"id":7051,"href":"https:\/\/www.cestanahoru.org\/index.php?rest_route=\/wp\/v2\/posts\/7048\/revisions\/7051"}],"wp:attachment":[{"href":"https:\/\/www.cestanahoru.org\/index.php?rest_route=%2Fwp%2Fv2%2Fmedia&parent=7048"}],"wp:term":[{"taxonomy":"category","embeddable":true,"href":"https:\/\/www.cestanahoru.org\/index.php?rest_route=%2Fwp%2Fv2%2Fcategories&post=7048"},{"taxonomy":"post_tag","embeddable":true,"href":"https:\/\/www.cestanahoru.org\/index.php?rest_route=%2Fwp%2Fv2%2Ftags&post=7048"}],"curies":[{"name":"wp","href":"https:\/\/api.w.org\/{rel}","templated":true}]}}