{"id":7062,"date":"2019-09-27T15:15:51","date_gmt":"2019-09-27T13:15:51","guid":{"rendered":"https:\/\/www.cestanahoru.org\/?p=7062"},"modified":"2019-09-27T15:17:16","modified_gmt":"2019-09-27T13:17:16","slug":"dialogy-u-karmelitek-interakce-ii","status":"publish","type":"post","link":"https:\/\/www.cestanahoru.org\/?p=7062","title":{"rendered":"Dialogy (u) karmelitek: Interakce II"},"content":{"rendered":"<p><a href=\"https:\/\/www.cestanahoru.org\/wp-content\/uploads\/interakce_schema.png\"><img loading=\"lazy\" decoding=\"async\" class=\"alignleft  wp-image-7063\" alt=\"interakce_schema\" src=\"https:\/\/www.cestanahoru.org\/wp-content\/uploads\/interakce_schema-300x214.png\" width=\"216\" height=\"154\" srcset=\"https:\/\/www.cestanahoru.org\/wp-content\/uploads\/interakce_schema-300x214.png 300w, https:\/\/www.cestanahoru.org\/wp-content\/uploads\/interakce_schema-1024x730.png 1024w\" sizes=\"(max-width: 216px) 100vw, 216px\" \/><\/a>V <strong>pond\u011bl\u00ed 21.\u00a0<strong>\u0159\u00edjna<\/strong> <\/strong>po eucharistick\u00e9 oslav\u011b, kter\u00e1 za\u010d\u00edn\u00e1 <strong>v 19h<\/strong>, se pokus\u00edme p\u0159ibl\u00ed\u017eit pohled na sv\u011btlo o\u010dima sou\u010dasn\u00e9 fyziky.<\/p>\n<p>Hostem ve\u010dera bude<em> Mgr. Martin Zdr\u00e1hal, Ph.D<\/em>.<\/p>\n<p>T\u00e9ma <strong>Interakce<\/strong>\u00a0 pojmeme z pohledu speci\u00e1ln\u00ed <strong>teorie relativity<\/strong>.<\/p>\n","protected":false},"excerpt":{"rendered":"<p>V pond\u011bl\u00ed 21.\u00a0\u0159\u00edjna po eucharistick\u00e9 oslav\u011b, kter\u00e1 za\u010d\u00edn\u00e1 v 19h, se pokus\u00edme p\u0159ibl\u00ed\u017eit pohled na sv\u011btlo o\u010dima sou\u010dasn\u00e9 fyziky. Hostem ve\u010dera bude Mgr. Martin Zdr\u00e1hal, Ph.D. T\u00e9ma Interakce\u00a0 pojmeme z pohledu speci\u00e1ln\u00ed teorie relativity.<\/p>\n","protected":false},"author":1,"featured_media":0,"comment_status":"open","ping_status":"open","sticky":false,"template":"","format":"standard","meta":{"footnotes":""},"categories":[10,6],"tags":[],"_links":{"self":[{"href":"https:\/\/www.cestanahoru.org\/index.php?rest_route=\/wp\/v2\/posts\/7062"}],"collection":[{"href":"https:\/\/www.cestanahoru.org\/index.php?rest_route=\/wp\/v2\/posts"}],"about":[{"href":"https:\/\/www.cestanahoru.org\/index.php?rest_route=\/wp\/v2\/types\/post"}],"author":[{"embeddable":true,"href":"https:\/\/www.cestanahoru.org\/index.php?rest_route=\/wp\/v2\/users\/1"}],"replies":[{"embeddable":true,"href":"https:\/\/www.cestanahoru.org\/index.php?rest_route=%2Fwp%2Fv2%2Fcomments&post=7062"}],"version-history":[{"count":4,"href":"https:\/\/www.cestanahoru.org\/index.php?rest_route=\/wp\/v2\/posts\/7062\/revisions"}],"predecessor-version":[{"id":7067,"href":"https:\/\/www.cestanahoru.org\/index.php?rest_route=\/wp\/v2\/posts\/7062\/revisions\/7067"}],"wp:attachment":[{"href":"https:\/\/www.cestanahoru.org\/index.php?rest_route=%2Fwp%2Fv2%2Fmedia&parent=7062"}],"wp:term":[{"taxonomy":"category","embeddable":true,"href":"https:\/\/www.cestanahoru.org\/index.php?rest_route=%2Fwp%2Fv2%2Fcategories&post=7062"},{"taxonomy":"post_tag","embeddable":true,"href":"https:\/\/www.cestanahoru.org\/index.php?rest_route=%2Fwp%2Fv2%2Ftags&post=7062"}],"curies":[{"name":"wp","href":"https:\/\/api.w.org\/{rel}","templated":true}]}}