{"id":7068,"date":"2019-09-27T15:38:46","date_gmt":"2019-09-27T13:38:46","guid":{"rendered":"https:\/\/www.cestanahoru.org\/?p=7068"},"modified":"2019-09-27T16:07:24","modified_gmt":"2019-09-27T14:07:24","slug":"cetba-z-duchovnich-klasiku-oblak-nevedeni","status":"publish","type":"post","link":"https:\/\/www.cestanahoru.org\/?p=7068","title":{"rendered":"\u010cetba z duchovn\u00edch klasik\u016f: Oblak nev\u011bd\u011bn\u00ed"},"content":{"rendered":"<p><a href=\"https:\/\/www.cestanahoru.org\/wp-content\/uploads\/Moses__Bush_Icon_Sinai_c12th_century.jpg\"><img loading=\"lazy\" decoding=\"async\" class=\"alignleft size-medium wp-image-7069\" alt=\"Moses_&amp;_Bush_Icon_Sinai_c12th_century\" src=\"https:\/\/www.cestanahoru.org\/wp-content\/uploads\/Moses__Bush_Icon_Sinai_c12th_century-217x300.jpg\" width=\"217\" height=\"300\" srcset=\"https:\/\/www.cestanahoru.org\/wp-content\/uploads\/Moses__Bush_Icon_Sinai_c12th_century-217x300.jpg 217w, https:\/\/www.cestanahoru.org\/wp-content\/uploads\/Moses__Bush_Icon_Sinai_c12th_century-743x1024.jpg 743w, https:\/\/www.cestanahoru.org\/wp-content\/uploads\/Moses__Bush_Icon_Sinai_c12th_century.jpg 1116w\" sizes=\"(max-width: 217px) 100vw, 217px\" \/><\/a><strong>Ve st\u0159edu<\/strong> <strong>16. <strong><strong>\u0159\u00edjna<\/strong><\/strong><\/strong><strong><\/strong> op\u011bt za\u010d\u00edn\u00e1me pravideln\u00e9 ve\u010dery \u010deteb z klasick\u00fdch d\u011bl duchovn\u00ed literatury.<\/p>\n<p>Letos je na programu<strong><em> <\/em><\/strong><strong>Oblak nev\u011bd\u011bn\u00ed<\/strong><em>,<\/em> z\u00e1sadn\u00ed d\u00edlo st\u0159edov\u011bk\u00e9 mystiky. M\u016f\u017eete p\u0159ij\u00edt u\u017e <strong>v 18h<\/strong> na eucharistii, <strong>v sedm<\/strong> pak za\u010d\u00edn\u00e1me tichou meditac\u00ed a<strong> v p\u016fl osm\u00e9<\/strong> \u010dteme a vedeme dialog o textu, kter\u00e9mu jsme naslouchali.<\/p>\n","protected":false},"excerpt":{"rendered":"<p>Ve st\u0159edu 16. \u0159\u00edjna op\u011bt za\u010d\u00edn\u00e1me pravideln\u00e9 ve\u010dery \u010deteb z klasick\u00fdch d\u011bl duchovn\u00ed literatury. Letos je na programu Oblak nev\u011bd\u011bn\u00ed, z\u00e1sadn\u00ed d\u00edlo st\u0159edov\u011bk\u00e9 mystiky. M\u016f\u017eete p\u0159ij\u00edt u\u017e v 18h na eucharistii, v sedm pak za\u010d\u00edn\u00e1me tichou meditac\u00ed a v p\u016fl osm\u00e9 \u010dteme a vedeme dialog o textu, kter\u00e9mu jsme naslouchali.<\/p>\n","protected":false},"author":1,"featured_media":0,"comment_status":"open","ping_status":"open","sticky":false,"template":"","format":"standard","meta":{"footnotes":""},"categories":[10,6],"tags":[],"_links":{"self":[{"href":"https:\/\/www.cestanahoru.org\/index.php?rest_route=\/wp\/v2\/posts\/7068"}],"collection":[{"href":"https:\/\/www.cestanahoru.org\/index.php?rest_route=\/wp\/v2\/posts"}],"about":[{"href":"https:\/\/www.cestanahoru.org\/index.php?rest_route=\/wp\/v2\/types\/post"}],"author":[{"embeddable":true,"href":"https:\/\/www.cestanahoru.org\/index.php?rest_route=\/wp\/v2\/users\/1"}],"replies":[{"embeddable":true,"href":"https:\/\/www.cestanahoru.org\/index.php?rest_route=%2Fwp%2Fv2%2Fcomments&post=7068"}],"version-history":[{"count":4,"href":"https:\/\/www.cestanahoru.org\/index.php?rest_route=\/wp\/v2\/posts\/7068\/revisions"}],"predecessor-version":[{"id":7073,"href":"https:\/\/www.cestanahoru.org\/index.php?rest_route=\/wp\/v2\/posts\/7068\/revisions\/7073"}],"wp:attachment":[{"href":"https:\/\/www.cestanahoru.org\/index.php?rest_route=%2Fwp%2Fv2%2Fmedia&parent=7068"}],"wp:term":[{"taxonomy":"category","embeddable":true,"href":"https:\/\/www.cestanahoru.org\/index.php?rest_route=%2Fwp%2Fv2%2Fcategories&post=7068"},{"taxonomy":"post_tag","embeddable":true,"href":"https:\/\/www.cestanahoru.org\/index.php?rest_route=%2Fwp%2Fv2%2Ftags&post=7068"}],"curies":[{"name":"wp","href":"https:\/\/api.w.org\/{rel}","templated":true}]}}