{"id":7112,"date":"2019-10-31T21:31:36","date_gmt":"2019-10-31T20:31:36","guid":{"rendered":"https:\/\/www.cestanahoru.org\/?p=7112"},"modified":"2019-10-31T21:33:02","modified_gmt":"2019-10-31T20:33:02","slug":"cetba-z-duchovnich-klasiku-oblak-nevedeni-2","status":"publish","type":"post","link":"https:\/\/www.cestanahoru.org\/?p=7112","title":{"rendered":"\u010cetba z duchovn\u00edch klasik\u016f: Oblak nev\u011bd\u011bn\u00ed"},"content":{"rendered":"<p><a href=\"https:\/\/www.cestanahoru.org\/wp-content\/uploads\/oblak.jpg\"><img loading=\"lazy\" decoding=\"async\" class=\"alignleft  wp-image-7113\" alt=\"oblak\" src=\"https:\/\/www.cestanahoru.org\/wp-content\/uploads\/oblak-300x286.jpg\" width=\"243\" height=\"231\" srcset=\"https:\/\/www.cestanahoru.org\/wp-content\/uploads\/oblak-300x286.jpg 300w, https:\/\/www.cestanahoru.org\/wp-content\/uploads\/oblak-1024x978.jpg 1024w\" sizes=\"(max-width: 243px) 100vw, 243px\" \/><\/a>Ve st\u0159edu <strong>13. listopadu<\/strong> pokra\u010dujeme v \u010detb\u011b a diskusi nad textem <strong>Oblak nev\u011bd\u011bn\u00ed, <\/strong>z\u00e1sadn\u00ed d\u00edlo st\u0159edov\u011bk\u00e9 mystiky. <strong>V 18h<\/strong> slav\u00edme eucharistii, je mo\u017en\u00e9 p\u0159ij\u00edt u\u017e na ni,\u00a0<strong>v 19h<\/strong> za\u010d\u00edn\u00e1me tichou meditac\u00ed a <strong>v 19.30h<\/strong> \u010dteme a vedeme dialog o textu, kter\u00e9mu jsme naslouchali.<\/p>\n","protected":false},"excerpt":{"rendered":"<p>Ve st\u0159edu 13. listopadu pokra\u010dujeme v \u010detb\u011b a diskusi nad textem Oblak nev\u011bd\u011bn\u00ed, z\u00e1sadn\u00ed d\u00edlo st\u0159edov\u011bk\u00e9 mystiky. V 18h slav\u00edme eucharistii, je mo\u017en\u00e9 p\u0159ij\u00edt u\u017e na ni,\u00a0v 19h za\u010d\u00edn\u00e1me tichou meditac\u00ed a v 19.30h \u010dteme a vedeme dialog o textu, kter\u00e9mu jsme naslouchali.<\/p>\n","protected":false},"author":1,"featured_media":0,"comment_status":"open","ping_status":"open","sticky":false,"template":"","format":"standard","meta":{"footnotes":""},"categories":[10,20,7,6],"tags":[],"_links":{"self":[{"href":"https:\/\/www.cestanahoru.org\/index.php?rest_route=\/wp\/v2\/posts\/7112"}],"collection":[{"href":"https:\/\/www.cestanahoru.org\/index.php?rest_route=\/wp\/v2\/posts"}],"about":[{"href":"https:\/\/www.cestanahoru.org\/index.php?rest_route=\/wp\/v2\/types\/post"}],"author":[{"embeddable":true,"href":"https:\/\/www.cestanahoru.org\/index.php?rest_route=\/wp\/v2\/users\/1"}],"replies":[{"embeddable":true,"href":"https:\/\/www.cestanahoru.org\/index.php?rest_route=%2Fwp%2Fv2%2Fcomments&post=7112"}],"version-history":[{"count":4,"href":"https:\/\/www.cestanahoru.org\/index.php?rest_route=\/wp\/v2\/posts\/7112\/revisions"}],"predecessor-version":[{"id":7117,"href":"https:\/\/www.cestanahoru.org\/index.php?rest_route=\/wp\/v2\/posts\/7112\/revisions\/7117"}],"wp:attachment":[{"href":"https:\/\/www.cestanahoru.org\/index.php?rest_route=%2Fwp%2Fv2%2Fmedia&parent=7112"}],"wp:term":[{"taxonomy":"category","embeddable":true,"href":"https:\/\/www.cestanahoru.org\/index.php?rest_route=%2Fwp%2Fv2%2Fcategories&post=7112"},{"taxonomy":"post_tag","embeddable":true,"href":"https:\/\/www.cestanahoru.org\/index.php?rest_route=%2Fwp%2Fv2%2Ftags&post=7112"}],"curies":[{"name":"wp","href":"https:\/\/api.w.org\/{rel}","templated":true}]}}