{"id":7120,"date":"2019-11-07T11:32:25","date_gmt":"2019-11-07T10:32:25","guid":{"rendered":"https:\/\/www.cestanahoru.org\/?p=7120"},"modified":"2019-11-07T11:33:11","modified_gmt":"2019-11-07T10:33:11","slug":"jednodenni-rekolekce-s-filmem-2001-vesmirna-odysea","status":"publish","type":"post","link":"https:\/\/www.cestanahoru.org\/?p=7120","title":{"rendered":"Jednodenn\u00ed rekolekce s filmem 2001: VESM\u00cdRN\u00c1 ODYSEA"},"content":{"rendered":"<p><a href=\"https:\/\/www.cestanahoru.org\/wp-content\/uploads\/CzXGC1oWgAAlNyB.jpg\"><img loading=\"lazy\" decoding=\"async\" class=\"alignleft  wp-image-7121\" alt=\"CzXGC1oWgAAlNyB\" src=\"https:\/\/www.cestanahoru.org\/wp-content\/uploads\/CzXGC1oWgAAlNyB-300x189.jpg\" width=\"219\" height=\"138\" srcset=\"https:\/\/www.cestanahoru.org\/wp-content\/uploads\/CzXGC1oWgAAlNyB-300x189.jpg 300w, https:\/\/www.cestanahoru.org\/wp-content\/uploads\/CzXGC1oWgAAlNyB.jpg 1024w\" sizes=\"(max-width: 219px) 100vw, 219px\" \/><\/a>Jednodenn\u00ed rekolekce s meditac\u00ed nad filmem\u00a0<strong><em>2001: VESM\u00cdRN\u00c1 ODYSEA <\/em><\/strong>(re\u017eie S. Kubrick, 1968) se bude konat <strong>v ned\u011bli 1. prosince 2019<\/strong>. Dopoledn\u00ed \u010d\u00e1st je v\u011bnov\u00e1na zti\u0161en\u00ed a tich\u00e9 modlitb\u011b, meditaci nad filmem prob\u00edh\u00e1 odpoledne (je mo\u017en\u00e9 je p\u0159ihl\u00e1sit pouze na odpoledn\u00ed \u010d\u00e1st). Kon\u00e1 se v Praze, na Karmelu Edith Steinov\u00e9. Doprov\u00e1z\u00ed filmov\u00fd historik Vladim\u00edr Such\u00e1nek (UP Olomouc) a sestry karmelitky. Pokud se chcete \u00fa\u010dastnit, p\u0159ihlaste se na <em>karmelitky(zavin\u00e1\u010d)gmail.com<\/em>, v p\u0159edm\u011btu uve\u010fte \u201eVesm\u00edrn\u00e1 odysea\u201c.<\/p>\n","protected":false},"excerpt":{"rendered":"<p>Jednodenn\u00ed rekolekce s meditac\u00ed nad filmem\u00a02001: VESM\u00cdRN\u00c1 ODYSEA (re\u017eie S. Kubrick, 1968) se bude konat v ned\u011bli 1. prosince 2019. Dopoledn\u00ed \u010d\u00e1st je v\u011bnov\u00e1na zti\u0161en\u00ed a tich\u00e9 modlitb\u011b, meditaci nad filmem prob\u00edh\u00e1 odpoledne (je mo\u017en\u00e9 je p\u0159ihl\u00e1sit pouze na odpoledn\u00ed \u010d\u00e1st). Kon\u00e1 se v Praze, na Karmelu Edith Steinov\u00e9. Doprov\u00e1z\u00ed filmov\u00fd historik Vladim\u00edr Such\u00e1nek (UP [&hellip;]<\/p>\n","protected":false},"author":1,"featured_media":0,"comment_status":"open","ping_status":"open","sticky":false,"template":"","format":"standard","meta":{"footnotes":""},"categories":[15],"tags":[],"_links":{"self":[{"href":"https:\/\/www.cestanahoru.org\/index.php?rest_route=\/wp\/v2\/posts\/7120"}],"collection":[{"href":"https:\/\/www.cestanahoru.org\/index.php?rest_route=\/wp\/v2\/posts"}],"about":[{"href":"https:\/\/www.cestanahoru.org\/index.php?rest_route=\/wp\/v2\/types\/post"}],"author":[{"embeddable":true,"href":"https:\/\/www.cestanahoru.org\/index.php?rest_route=\/wp\/v2\/users\/1"}],"replies":[{"embeddable":true,"href":"https:\/\/www.cestanahoru.org\/index.php?rest_route=%2Fwp%2Fv2%2Fcomments&post=7120"}],"version-history":[{"count":2,"href":"https:\/\/www.cestanahoru.org\/index.php?rest_route=\/wp\/v2\/posts\/7120\/revisions"}],"predecessor-version":[{"id":7123,"href":"https:\/\/www.cestanahoru.org\/index.php?rest_route=\/wp\/v2\/posts\/7120\/revisions\/7123"}],"wp:attachment":[{"href":"https:\/\/www.cestanahoru.org\/index.php?rest_route=%2Fwp%2Fv2%2Fmedia&parent=7120"}],"wp:term":[{"taxonomy":"category","embeddable":true,"href":"https:\/\/www.cestanahoru.org\/index.php?rest_route=%2Fwp%2Fv2%2Fcategories&post=7120"},{"taxonomy":"post_tag","embeddable":true,"href":"https:\/\/www.cestanahoru.org\/index.php?rest_route=%2Fwp%2Fv2%2Ftags&post=7120"}],"curies":[{"name":"wp","href":"https:\/\/api.w.org\/{rel}","templated":true}]}}