{"id":7125,"date":"2019-11-20T16:14:06","date_gmt":"2019-11-20T15:14:06","guid":{"rendered":"https:\/\/www.cestanahoru.org\/?p=7125"},"modified":"2019-11-20T16:15:33","modified_gmt":"2019-11-20T15:15:33","slug":"papez-frantisek-a-promena-zivota-cirkve","status":"publish","type":"post","link":"https:\/\/www.cestanahoru.org\/?p=7125","title":{"rendered":"Pape\u017e Franti\u0161ek a prom\u011bna \u017eivota c\u00edrkve"},"content":{"rendered":"<p><strong><a href=\"https:\/\/www.cestanahoru.org\/wp-content\/uploads\/DSC03844.jpg\"><img loading=\"lazy\" decoding=\"async\" class=\"alignleft  wp-image-7126\" alt=\"DSC03844\" src=\"https:\/\/www.cestanahoru.org\/wp-content\/uploads\/DSC03844-300x225.jpg\" width=\"210\" height=\"158\" srcset=\"https:\/\/www.cestanahoru.org\/wp-content\/uploads\/DSC03844-300x225.jpg 300w, https:\/\/www.cestanahoru.org\/wp-content\/uploads\/DSC03844-1024x768.jpg 1024w\" sizes=\"(max-width: 210px) 100vw, 210px\" \/><\/a>V pond\u011bl\u00ed 2.prosince<\/strong> po eucharistick\u00e9 oslav\u011b bude hostem ve\u010dera Libor Ove\u010dka. Pokus\u00edme se rozvinout dialog na t\u00e9ma <em>Pape\u017e Franti\u0161ek a prom\u011bna \u017eivota c\u00edrkve<\/em>. Jste u n\u00e1s srde\u010dn\u011b v\u00edt\u00e1ni.<\/p>\n","protected":false},"excerpt":{"rendered":"<p>V pond\u011bl\u00ed 2.prosince po eucharistick\u00e9 oslav\u011b bude hostem ve\u010dera Libor Ove\u010dka. Pokus\u00edme se rozvinout dialog na t\u00e9ma Pape\u017e Franti\u0161ek a prom\u011bna \u017eivota c\u00edrkve. Jste u n\u00e1s srde\u010dn\u011b v\u00edt\u00e1ni.<\/p>\n","protected":false},"author":1,"featured_media":0,"comment_status":"open","ping_status":"open","sticky":false,"template":"","format":"standard","meta":{"footnotes":""},"categories":[10,1],"tags":[],"_links":{"self":[{"href":"https:\/\/www.cestanahoru.org\/index.php?rest_route=\/wp\/v2\/posts\/7125"}],"collection":[{"href":"https:\/\/www.cestanahoru.org\/index.php?rest_route=\/wp\/v2\/posts"}],"about":[{"href":"https:\/\/www.cestanahoru.org\/index.php?rest_route=\/wp\/v2\/types\/post"}],"author":[{"embeddable":true,"href":"https:\/\/www.cestanahoru.org\/index.php?rest_route=\/wp\/v2\/users\/1"}],"replies":[{"embeddable":true,"href":"https:\/\/www.cestanahoru.org\/index.php?rest_route=%2Fwp%2Fv2%2Fcomments&post=7125"}],"version-history":[{"count":2,"href":"https:\/\/www.cestanahoru.org\/index.php?rest_route=\/wp\/v2\/posts\/7125\/revisions"}],"predecessor-version":[{"id":7128,"href":"https:\/\/www.cestanahoru.org\/index.php?rest_route=\/wp\/v2\/posts\/7125\/revisions\/7128"}],"wp:attachment":[{"href":"https:\/\/www.cestanahoru.org\/index.php?rest_route=%2Fwp%2Fv2%2Fmedia&parent=7125"}],"wp:term":[{"taxonomy":"category","embeddable":true,"href":"https:\/\/www.cestanahoru.org\/index.php?rest_route=%2Fwp%2Fv2%2Fcategories&post=7125"},{"taxonomy":"post_tag","embeddable":true,"href":"https:\/\/www.cestanahoru.org\/index.php?rest_route=%2Fwp%2Fv2%2Ftags&post=7125"}],"curies":[{"name":"wp","href":"https:\/\/api.w.org\/{rel}","templated":true}]}}