{"id":7141,"date":"2019-12-15T10:38:19","date_gmt":"2019-12-15T09:38:19","guid":{"rendered":"https:\/\/www.cestanahoru.org\/?p=7141"},"modified":"2019-12-15T10:38:45","modified_gmt":"2019-12-15T09:38:45","slug":"oznameni-6","status":"publish","type":"post","link":"https:\/\/www.cestanahoru.org\/?p=7141","title":{"rendered":"Ozn\u00e1men\u00ed"},"content":{"rendered":"<p><a href=\"https:\/\/www.cestanahoru.org\/wp-content\/uploads\/IMG-20191203-WA0001.jpg\"><img loading=\"lazy\" decoding=\"async\" class=\"alignleft  wp-image-7142\" alt=\"IMG-20191203-WA0001\" src=\"https:\/\/www.cestanahoru.org\/wp-content\/uploads\/IMG-20191203-WA0001-225x300.jpg\" width=\"144\" height=\"192\" srcset=\"https:\/\/www.cestanahoru.org\/wp-content\/uploads\/IMG-20191203-WA0001-225x300.jpg 225w, https:\/\/www.cestanahoru.org\/wp-content\/uploads\/IMG-20191203-WA0001.jpg 768w\" sizes=\"(max-width: 144px) 100vw, 144px\" \/><\/a>Mil\u00ed p\u0159\u00e1tel\u00e9, oznamujeme, \u017ee <strong>od st\u0159edy 18. prosince<\/strong> se nebudou na Karmelu konat m\u0161e svat\u00e9.<\/p>\n<p>Budeme se na v\u00e1s t\u011b\u0161it op\u011bt <strong>od pond\u011bl\u00ed 6. ledna<\/strong>, kdy op\u011bt za\u010d\u00edn\u00e1me.<\/p>\n<p>Kr\u00e1sn\u00fd vano\u010dn\u00ed \u010das, va\u0161e sestry<\/p>\n","protected":false},"excerpt":{"rendered":"<p>Mil\u00ed p\u0159\u00e1tel\u00e9, oznamujeme, \u017ee od st\u0159edy 18. prosince se nebudou na Karmelu konat m\u0161e svat\u00e9. Budeme se na v\u00e1s t\u011b\u0161it op\u011bt od pond\u011bl\u00ed 6. ledna, kdy op\u011bt za\u010d\u00edn\u00e1me. Kr\u00e1sn\u00fd vano\u010dn\u00ed \u010das, va\u0161e sestry<\/p>\n","protected":false},"author":1,"featured_media":0,"comment_status":"open","ping_status":"open","sticky":false,"template":"","format":"standard","meta":{"footnotes":""},"categories":[11],"tags":[],"_links":{"self":[{"href":"https:\/\/www.cestanahoru.org\/index.php?rest_route=\/wp\/v2\/posts\/7141"}],"collection":[{"href":"https:\/\/www.cestanahoru.org\/index.php?rest_route=\/wp\/v2\/posts"}],"about":[{"href":"https:\/\/www.cestanahoru.org\/index.php?rest_route=\/wp\/v2\/types\/post"}],"author":[{"embeddable":true,"href":"https:\/\/www.cestanahoru.org\/index.php?rest_route=\/wp\/v2\/users\/1"}],"replies":[{"embeddable":true,"href":"https:\/\/www.cestanahoru.org\/index.php?rest_route=%2Fwp%2Fv2%2Fcomments&post=7141"}],"version-history":[{"count":2,"href":"https:\/\/www.cestanahoru.org\/index.php?rest_route=\/wp\/v2\/posts\/7141\/revisions"}],"predecessor-version":[{"id":7144,"href":"https:\/\/www.cestanahoru.org\/index.php?rest_route=\/wp\/v2\/posts\/7141\/revisions\/7144"}],"wp:attachment":[{"href":"https:\/\/www.cestanahoru.org\/index.php?rest_route=%2Fwp%2Fv2%2Fmedia&parent=7141"}],"wp:term":[{"taxonomy":"category","embeddable":true,"href":"https:\/\/www.cestanahoru.org\/index.php?rest_route=%2Fwp%2Fv2%2Fcategories&post=7141"},{"taxonomy":"post_tag","embeddable":true,"href":"https:\/\/www.cestanahoru.org\/index.php?rest_route=%2Fwp%2Fv2%2Ftags&post=7141"}],"curies":[{"name":"wp","href":"https:\/\/api.w.org\/{rel}","templated":true}]}}