{"id":7150,"date":"2020-01-09T11:09:29","date_gmt":"2020-01-09T10:09:29","guid":{"rendered":"https:\/\/www.cestanahoru.org\/?p=7150"},"modified":"2020-01-09T11:11:02","modified_gmt":"2020-01-09T10:11:02","slug":"setkani-zen-na-karmelu","status":"publish","type":"post","link":"https:\/\/www.cestanahoru.org\/?p=7150","title":{"rendered":"Setk\u00e1n\u00ed \u017een na Karmelu"},"content":{"rendered":"<p><a href=\"https:\/\/www.cestanahoru.org\/wp-content\/uploads\/letacek-Karmel-page-001-kopie1.jpg\"><img loading=\"lazy\" decoding=\"async\" class=\"alignleft  wp-image-7153\" alt=\"letacek-Karmel-page-001 - kopie\" src=\"https:\/\/www.cestanahoru.org\/wp-content\/uploads\/letacek-Karmel-page-001-kopie1-300x220.jpg\" width=\"270\" height=\"198\" srcset=\"https:\/\/www.cestanahoru.org\/wp-content\/uploads\/letacek-Karmel-page-001-kopie1-300x220.jpg 300w, https:\/\/www.cestanahoru.org\/wp-content\/uploads\/letacek-Karmel-page-001-kopie1-1024x753.jpg 1024w, https:\/\/www.cestanahoru.org\/wp-content\/uploads\/letacek-Karmel-page-001-kopie1.jpg 1062w\" sizes=\"(max-width: 270px) 100vw, 270px\" \/><\/a><strong>V sobotu 25. ledna<\/strong> <strong>od 9 do 14h<\/strong> v\u00e1s zveme na setk\u00e1n\u00ed Spiritualita na Karmelu. Setk\u00e1n\u00ed mal\u00e9 skupiny \u017een se spole\u010dn\u00fdm \u010dten\u00edm karmelsk\u00fdch text\u016f, kontemplac\u00ed, sd\u00edlen\u00edm a ob\u011bdem se sestrami. V\u00edt\u00e1me \u017eeny svobodn\u00e9 i vdan\u00e9, d\u011btn\u00e9 i bezd\u011btn\u00e9, star\u0161\u00ed i mlad\u0161\u00ed. Spojuje n\u00e1s z\u00e1jem o karmelit\u00e1nskou spiritualitu. Pro v\u00edc info pi\u0161te na karmelitky(zavin\u00e1\u010d)gmail.com<\/p>\n","protected":false},"excerpt":{"rendered":"<p>V sobotu 25. ledna od 9 do 14h v\u00e1s zveme na setk\u00e1n\u00ed Spiritualita na Karmelu. Setk\u00e1n\u00ed mal\u00e9 skupiny \u017een se spole\u010dn\u00fdm \u010dten\u00edm karmelsk\u00fdch text\u016f, kontemplac\u00ed, sd\u00edlen\u00edm a ob\u011bdem se sestrami. V\u00edt\u00e1me \u017eeny svobodn\u00e9 i vdan\u00e9, d\u011btn\u00e9 i bezd\u011btn\u00e9, star\u0161\u00ed i mlad\u0161\u00ed. Spojuje n\u00e1s z\u00e1jem o karmelit\u00e1nskou spiritualitu. Pro v\u00edc info pi\u0161te na karmelitky(zavin\u00e1\u010d)gmail.com<\/p>\n","protected":false},"author":1,"featured_media":0,"comment_status":"open","ping_status":"open","sticky":false,"template":"","format":"standard","meta":{"footnotes":""},"categories":[20,4,7],"tags":[],"_links":{"self":[{"href":"https:\/\/www.cestanahoru.org\/index.php?rest_route=\/wp\/v2\/posts\/7150"}],"collection":[{"href":"https:\/\/www.cestanahoru.org\/index.php?rest_route=\/wp\/v2\/posts"}],"about":[{"href":"https:\/\/www.cestanahoru.org\/index.php?rest_route=\/wp\/v2\/types\/post"}],"author":[{"embeddable":true,"href":"https:\/\/www.cestanahoru.org\/index.php?rest_route=\/wp\/v2\/users\/1"}],"replies":[{"embeddable":true,"href":"https:\/\/www.cestanahoru.org\/index.php?rest_route=%2Fwp%2Fv2%2Fcomments&post=7150"}],"version-history":[{"count":3,"href":"https:\/\/www.cestanahoru.org\/index.php?rest_route=\/wp\/v2\/posts\/7150\/revisions"}],"predecessor-version":[{"id":7155,"href":"https:\/\/www.cestanahoru.org\/index.php?rest_route=\/wp\/v2\/posts\/7150\/revisions\/7155"}],"wp:attachment":[{"href":"https:\/\/www.cestanahoru.org\/index.php?rest_route=%2Fwp%2Fv2%2Fmedia&parent=7150"}],"wp:term":[{"taxonomy":"category","embeddable":true,"href":"https:\/\/www.cestanahoru.org\/index.php?rest_route=%2Fwp%2Fv2%2Fcategories&post=7150"},{"taxonomy":"post_tag","embeddable":true,"href":"https:\/\/www.cestanahoru.org\/index.php?rest_route=%2Fwp%2Fv2%2Ftags&post=7150"}],"curies":[{"name":"wp","href":"https:\/\/api.w.org\/{rel}","templated":true}]}}