{"id":7224,"date":"2020-02-25T10:04:25","date_gmt":"2020-02-25T09:04:25","guid":{"rendered":"https:\/\/www.cestanahoru.org\/?p=7224"},"modified":"2020-02-25T10:05:28","modified_gmt":"2020-02-25T09:05:28","slug":"jednodenni-rekolekce-s-filmem-blade-runner","status":"publish","type":"post","link":"https:\/\/www.cestanahoru.org\/?p=7224","title":{"rendered":"Jednodenn\u00ed rekolekce s filmem BLADE RUNNER"},"content":{"rendered":"<p><a href=\"https:\/\/www.cestanahoru.org\/wp-content\/uploads\/Matthias_Gruenewald_-_The_Crucifixion_from_the_Isenheim_Altarpiece_detail_of_Christs_torso_c1512-16_oi_-_MeisterDrucke-354575.jpg\"><img loading=\"lazy\" decoding=\"async\" class=\"alignleft  wp-image-7225\" alt=\"Matthias_Gruenewald_-_The_Crucifixion_from_the_Isenheim_Altarpiece_detail_of_Christs_torso_c1512-16_oi_-_(MeisterDrucke-354575)\" src=\"https:\/\/www.cestanahoru.org\/wp-content\/uploads\/Matthias_Gruenewald_-_The_Crucifixion_from_the_Isenheim_Altarpiece_detail_of_Christs_torso_c1512-16_oi_-_MeisterDrucke-354575-219x300.jpg\" width=\"185\" height=\"254\" srcset=\"https:\/\/www.cestanahoru.org\/wp-content\/uploads\/Matthias_Gruenewald_-_The_Crucifixion_from_the_Isenheim_Altarpiece_detail_of_Christs_torso_c1512-16_oi_-_MeisterDrucke-354575-219x300.jpg 219w, https:\/\/www.cestanahoru.org\/wp-content\/uploads\/Matthias_Gruenewald_-_The_Crucifixion_from_the_Isenheim_Altarpiece_detail_of_Christs_torso_c1512-16_oi_-_MeisterDrucke-354575.jpg 512w\" sizes=\"(max-width: 185px) 100vw, 185px\" \/><\/a><\/p>\n<p style=\"text-align: justify;\" align=\"center\"><em>\u201e\u00d3, vy v\u0161ichni, kte\u0159\u00ed jdete cestou, pozorujte a vizte, je-li bolest, jako bolest m\u00e1\u201c.<\/em><\/p>\n<p>Jednodenn\u00ed rekolekce s meditac\u00ed nad filmem <strong><em>Blade Runner <\/em><\/strong>(re\u017eie Ridley Scott, 1982) se bude konat <strong>v sobotu 28. b\u0159ezna 2020<\/strong>. Dopoledn\u00ed \u010d\u00e1st je v\u011bnov\u00e1na zti\u0161en\u00ed a tich\u00e9 modlitb\u011b, meditaci nad filmem prob\u00edh\u00e1 odpoledne (je mo\u017en\u00e9 je p\u0159ihl\u00e1sit pouze na odpoledn\u00ed \u010d\u00e1st). Kon\u00e1 se v Praze, na Karmelu Edith Steinov\u00e9. Doprov\u00e1z\u00ed filmov\u00fd historik Vladim\u00edr Such\u00e1nek (UP Olomouc) a sestry karmelitky. Pokud se chcete \u00fa\u010dastnit, p\u0159ihlaste se na <em>karmelitky(zavin\u00e1\u010d)gmail.com<\/em>, v p\u0159edm\u011btu uve\u010fte \u201eBlade Runner\u201c.<\/p>\n","protected":false},"excerpt":{"rendered":"<p>\u201e\u00d3, vy v\u0161ichni, kte\u0159\u00ed jdete cestou, pozorujte a vizte, je-li bolest, jako bolest m\u00e1\u201c. Jednodenn\u00ed rekolekce s meditac\u00ed nad filmem Blade Runner (re\u017eie Ridley Scott, 1982) se bude konat v sobotu 28. b\u0159ezna 2020. Dopoledn\u00ed \u010d\u00e1st je v\u011bnov\u00e1na zti\u0161en\u00ed a tich\u00e9 modlitb\u011b, meditaci nad filmem prob\u00edh\u00e1 odpoledne (je mo\u017en\u00e9 je p\u0159ihl\u00e1sit pouze na odpoledn\u00ed \u010d\u00e1st). [&hellip;]<\/p>\n","protected":false},"author":1,"featured_media":0,"comment_status":"open","ping_status":"open","sticky":false,"template":"","format":"standard","meta":{"footnotes":""},"categories":[15,7],"tags":[],"_links":{"self":[{"href":"https:\/\/www.cestanahoru.org\/index.php?rest_route=\/wp\/v2\/posts\/7224"}],"collection":[{"href":"https:\/\/www.cestanahoru.org\/index.php?rest_route=\/wp\/v2\/posts"}],"about":[{"href":"https:\/\/www.cestanahoru.org\/index.php?rest_route=\/wp\/v2\/types\/post"}],"author":[{"embeddable":true,"href":"https:\/\/www.cestanahoru.org\/index.php?rest_route=\/wp\/v2\/users\/1"}],"replies":[{"embeddable":true,"href":"https:\/\/www.cestanahoru.org\/index.php?rest_route=%2Fwp%2Fv2%2Fcomments&post=7224"}],"version-history":[{"count":3,"href":"https:\/\/www.cestanahoru.org\/index.php?rest_route=\/wp\/v2\/posts\/7224\/revisions"}],"predecessor-version":[{"id":7228,"href":"https:\/\/www.cestanahoru.org\/index.php?rest_route=\/wp\/v2\/posts\/7224\/revisions\/7228"}],"wp:attachment":[{"href":"https:\/\/www.cestanahoru.org\/index.php?rest_route=%2Fwp%2Fv2%2Fmedia&parent=7224"}],"wp:term":[{"taxonomy":"category","embeddable":true,"href":"https:\/\/www.cestanahoru.org\/index.php?rest_route=%2Fwp%2Fv2%2Fcategories&post=7224"},{"taxonomy":"post_tag","embeddable":true,"href":"https:\/\/www.cestanahoru.org\/index.php?rest_route=%2Fwp%2Fv2%2Ftags&post=7224"}],"curies":[{"name":"wp","href":"https:\/\/api.w.org\/{rel}","templated":true}]}}