{"id":7394,"date":"2021-12-02T16:03:29","date_gmt":"2021-12-02T15:03:29","guid":{"rendered":"https:\/\/www.cestanahoru.org\/?p=7394"},"modified":"2021-12-02T16:03:29","modified_gmt":"2021-12-02T15:03:29","slug":"prvni-reholni-sliby-2","status":"publish","type":"post","link":"https:\/\/www.cestanahoru.org\/?p=7394","title":{"rendered":"Prvn\u00ed \u0159eholn\u00ed sliby"},"content":{"rendered":"<p><a href=\"https:\/\/www.cestanahoru.org\/wp-content\/uploads\/anna-invito.jpg\"><img loading=\"lazy\" decoding=\"async\" class=\"alignleft size-thumbnail wp-image-7395\" alt=\"anna invito\" src=\"https:\/\/www.cestanahoru.org\/wp-content\/uploads\/anna-invito-150x150.jpg\" width=\"150\" height=\"150\" \/><\/a>S\u00a0radost\u00ed sd\u00edl\u00edme, \u017ee 11. prosince 2021 slo\u017e\u00ed svoje prvn\u00ed \u0159eholn\u00ed sliby mezi karmelitkami sv. Terezie Anna Mi\u0161utkov\u00e1. M\u0161e, b\u011bhem kter\u00e9 slo\u017e\u00ed sliby, za\u010d\u00edn\u00e1 v\u00a016h a celebrantem bude Petr Vac\u00edk SJ.<\/p>\n","protected":false},"excerpt":{"rendered":"<p>S\u00a0radost\u00ed sd\u00edl\u00edme, \u017ee 11. prosince 2021 slo\u017e\u00ed svoje prvn\u00ed \u0159eholn\u00ed sliby mezi karmelitkami sv. Terezie Anna Mi\u0161utkov\u00e1. M\u0161e, b\u011bhem kter\u00e9 slo\u017e\u00ed sliby, za\u010d\u00edn\u00e1 v\u00a016h a celebrantem bude Petr Vac\u00edk SJ.<\/p>\n","protected":false},"author":1,"featured_media":0,"comment_status":"open","ping_status":"open","sticky":false,"template":"","format":"standard","meta":{"footnotes":""},"categories":[6],"tags":[],"_links":{"self":[{"href":"https:\/\/www.cestanahoru.org\/index.php?rest_route=\/wp\/v2\/posts\/7394"}],"collection":[{"href":"https:\/\/www.cestanahoru.org\/index.php?rest_route=\/wp\/v2\/posts"}],"about":[{"href":"https:\/\/www.cestanahoru.org\/index.php?rest_route=\/wp\/v2\/types\/post"}],"author":[{"embeddable":true,"href":"https:\/\/www.cestanahoru.org\/index.php?rest_route=\/wp\/v2\/users\/1"}],"replies":[{"embeddable":true,"href":"https:\/\/www.cestanahoru.org\/index.php?rest_route=%2Fwp%2Fv2%2Fcomments&post=7394"}],"version-history":[{"count":1,"href":"https:\/\/www.cestanahoru.org\/index.php?rest_route=\/wp\/v2\/posts\/7394\/revisions"}],"predecessor-version":[{"id":7396,"href":"https:\/\/www.cestanahoru.org\/index.php?rest_route=\/wp\/v2\/posts\/7394\/revisions\/7396"}],"wp:attachment":[{"href":"https:\/\/www.cestanahoru.org\/index.php?rest_route=%2Fwp%2Fv2%2Fmedia&parent=7394"}],"wp:term":[{"taxonomy":"category","embeddable":true,"href":"https:\/\/www.cestanahoru.org\/index.php?rest_route=%2Fwp%2Fv2%2Fcategories&post=7394"},{"taxonomy":"post_tag","embeddable":true,"href":"https:\/\/www.cestanahoru.org\/index.php?rest_route=%2Fwp%2Fv2%2Ftags&post=7394"}],"curies":[{"name":"wp","href":"https:\/\/api.w.org\/{rel}","templated":true}]}}