{"id":7415,"date":"2022-02-08T18:02:38","date_gmt":"2022-02-08T17:02:38","guid":{"rendered":"https:\/\/www.cestanahoru.org\/?p=7415"},"modified":"2022-02-08T18:02:38","modified_gmt":"2022-02-08T17:02:38","slug":"spiritualita-karmelu-setkani-zen-na-karmelu","status":"publish","type":"post","link":"https:\/\/www.cestanahoru.org\/?p=7415","title":{"rendered":"Spiritualita Karmelu &#8211; Setk\u00e1n\u00ed \u017een na Karmelu"},"content":{"rendered":"<div><a href=\"https:\/\/www.cestanahoru.org\/wp-content\/uploads\/1964078-donna-mani-in-maglione-tenendo-tazza-di-caffe-su-uno-sfondo-tavolo-di-legno-foto.jpg\"><img loading=\"lazy\" decoding=\"async\" class=\"alignleft size-thumbnail wp-image-7416\" alt=\"1964078-donna-mani-in-maglione-tenendo-tazza-di-caffe-su-uno-sfondo-tavolo-di-legno-foto\" src=\"https:\/\/www.cestanahoru.org\/wp-content\/uploads\/1964078-donna-mani-in-maglione-tenendo-tazza-di-caffe-su-uno-sfondo-tavolo-di-legno-foto-150x150.jpg\" width=\"150\" height=\"150\" \/><\/a>Setk\u00e1n\u00ed se uskute\u010dn\u00ed <strong>v sobotu 26.\u00fanora<\/strong> od 9.30h do 14h na Karmelu v Ko\u0161\u00ed\u0159\u00edch.<\/div>\n<div>Spole\u010dn\u011b se budeme v\u011bnovat tich\u00e9 modlitb\u011b a \u010d\u00edst texty sv. Terezie z Avily, setk\u00e1n\u00ed zakon\u010d\u00edme ob\u011bdem.<\/div>\n<div>Pokud se chcete \u00fa\u010dastnit, p\u0159ihlaste se na karmelitky(zavin\u00e1\u010d)<a tabindex=\"0\" role=\"link\" href=\"https:\/\/l.facebook.com\/l.php?u=https%3A%2F%2Fgmail.com%2F&amp;h=AT0njDf2bZoHkALefXfgXVp5My7v24ffjV4aPR6-mbifm8oIKViYZm5QJKDQqpA6u16cTPMWXOVuL-SXV8geD-eN3ulc7OLN_vT9q176P9xwrc7RR6f2ZSJoJAjNfeFgYxLB&amp;__tn__=q&amp;c[0]=AT3bWKQowGKd586k0dnbR4yxVsOOwfTSGsnZHaxXMCstnwJPdtsUQQv9sOcPOhWHaDrs6VV9QLrQ6do8ZKzu52Gi03galYUSpTRUhy7EfU1RWepwKcKzKdzG9T3z_e4Hrx_q0XFDKZrWs1qNx8mmLSws7FidhC-20PLBdggKECFLrvo6\" target=\"_blank\" rel=\"nofollow noopener\">gmail.com<\/a>, v p\u0159edm\u011btu uve\u010fte \u201eSpiritualita Karmelu\u201c.<\/div>\n","protected":false},"excerpt":{"rendered":"<p>Setk\u00e1n\u00ed se uskute\u010dn\u00ed v sobotu 26.\u00fanora od 9.30h do 14h na Karmelu v Ko\u0161\u00ed\u0159\u00edch. Spole\u010dn\u011b se budeme v\u011bnovat tich\u00e9 modlitb\u011b a \u010d\u00edst texty sv. Terezie z Avily, setk\u00e1n\u00ed zakon\u010d\u00edme ob\u011bdem. Pokud se chcete \u00fa\u010dastnit, p\u0159ihlaste se na karmelitky(zavin\u00e1\u010d)gmail.com, v p\u0159edm\u011btu uve\u010fte \u201eSpiritualita Karmelu\u201c.<\/p>\n","protected":false},"author":1,"featured_media":0,"comment_status":"open","ping_status":"open","sticky":false,"template":"","format":"standard","meta":{"footnotes":""},"categories":[10,4,7],"tags":[],"_links":{"self":[{"href":"https:\/\/www.cestanahoru.org\/index.php?rest_route=\/wp\/v2\/posts\/7415"}],"collection":[{"href":"https:\/\/www.cestanahoru.org\/index.php?rest_route=\/wp\/v2\/posts"}],"about":[{"href":"https:\/\/www.cestanahoru.org\/index.php?rest_route=\/wp\/v2\/types\/post"}],"author":[{"embeddable":true,"href":"https:\/\/www.cestanahoru.org\/index.php?rest_route=\/wp\/v2\/users\/1"}],"replies":[{"embeddable":true,"href":"https:\/\/www.cestanahoru.org\/index.php?rest_route=%2Fwp%2Fv2%2Fcomments&post=7415"}],"version-history":[{"count":1,"href":"https:\/\/www.cestanahoru.org\/index.php?rest_route=\/wp\/v2\/posts\/7415\/revisions"}],"predecessor-version":[{"id":7417,"href":"https:\/\/www.cestanahoru.org\/index.php?rest_route=\/wp\/v2\/posts\/7415\/revisions\/7417"}],"wp:attachment":[{"href":"https:\/\/www.cestanahoru.org\/index.php?rest_route=%2Fwp%2Fv2%2Fmedia&parent=7415"}],"wp:term":[{"taxonomy":"category","embeddable":true,"href":"https:\/\/www.cestanahoru.org\/index.php?rest_route=%2Fwp%2Fv2%2Fcategories&post=7415"},{"taxonomy":"post_tag","embeddable":true,"href":"https:\/\/www.cestanahoru.org\/index.php?rest_route=%2Fwp%2Fv2%2Ftags&post=7415"}],"curies":[{"name":"wp","href":"https:\/\/api.w.org\/{rel}","templated":true}]}}