{"id":7637,"date":"2024-09-10T09:46:58","date_gmt":"2024-09-10T07:46:58","guid":{"rendered":"https:\/\/www.cestanahoru.org\/?p=7637"},"modified":"2024-09-22T11:24:26","modified_gmt":"2024-09-22T09:24:26","slug":"spiritualita-karmelu-27","status":"publish","type":"post","link":"https:\/\/www.cestanahoru.org\/?p=7637","title":{"rendered":"Spiritualita Karmelu"},"content":{"rendered":"<p><a href=\"https:\/\/www.cestanahoru.org\/?attachment_id=7781\"><img loading=\"lazy\" decoding=\"async\" class=\"alignleft wp-image-7781 size-medium\" src=\"https:\/\/www.cestanahoru.org\/wp-content\/uploads\/DSC07077-300x225.jpg\" alt=\"\" width=\"300\" height=\"225\" srcset=\"https:\/\/www.cestanahoru.org\/wp-content\/uploads\/DSC07077-300x225.jpg 300w, https:\/\/www.cestanahoru.org\/wp-content\/uploads\/DSC07077-1024x768.jpg 1024w, https:\/\/www.cestanahoru.org\/wp-content\/uploads\/DSC07077-768x576.jpg 768w, https:\/\/www.cestanahoru.org\/wp-content\/uploads\/DSC07077-1536x1152.jpg 1536w, https:\/\/www.cestanahoru.org\/wp-content\/uploads\/DSC07077-2048x1536.jpg 2048w\" sizes=\"(max-width: 300px) 100vw, 300px\" \/><\/a>Prvn\u00ed popr\u00e1zdninov\u00e9 setk\u00e1n\u00ed \u017een na Karmelu se uskute\u010dn\u00ed v sobotu <strong>21. z\u00e1\u0159\u00ed 2024 od 9.30h do 13.30h<\/strong> na Karmelu v Ko\u0161\u00ed\u0159\u00edch. Spojuje n\u00e1s z\u00e1jem o karmelit\u00e1nskou spiritualitu a kontemplaci. Spole\u010dn\u011b se budeme v\u011bnovat tich\u00e9 modlitb\u011b a \u010d\u00edst text sv. Al\u017eb\u011bty od Trojice, setk\u00e1n\u00ed zakon\u010d\u00edme ob\u011bdem. Pokud se chcete z\u00fa\u010dastnit, p\u0159ihla\u0161te se na karmelitky(zavin\u00e1\u010d)<a tabindex=\"0\" role=\"link\" href=\"https:\/\/l.facebook.com\/l.php?u=https%3A%2F%2Fgmail.com%2F&amp;h=AT21EG9rnqwq-_QxKPnH0QlrfXgS0DIEO-UiB419ReppdIwhQ_t3QYompdMxVnqlKzhRbv6CsqCao-Jn9H5dNuMJRVmIBpWA6kZZBMefLP7BuMlnQwrPFKMIe79zG8ybQT2Teyg&amp;__tn__=q&amp;c[0]=AT0yRWauBQfYbM_59jA4SbmXA4FNc6Roz-5VS-82BOygYWHUwcGbv3GPQbZhWZV2pFZbUR6fUa9_wQeo6lrk_vdtyIs3wqhh-lOrnOharJaplpc7ICXXxNHB1OwA9GIT6bz66EERkP_F70rbWejSnecs4JVi\" target=\"_blank\" rel=\"nofollow noopener noreferrer\">gmail.com<\/a>, v p\u0159edm\u011btu uve\u010fte \u201eSpiritualita Karmelu\u201c.<\/p>\n","protected":false},"excerpt":{"rendered":"<p>Prvn\u00ed popr\u00e1zdninov\u00e9 setk\u00e1n\u00ed \u017een na Karmelu se uskute\u010dn\u00ed v sobotu 21. z\u00e1\u0159\u00ed 2024 od 9.30h do 13.30h na Karmelu v Ko\u0161\u00ed\u0159\u00edch. Spojuje n\u00e1s z\u00e1jem o karmelit\u00e1nskou spiritualitu a kontemplaci. Spole\u010dn\u011b se budeme v\u011bnovat tich\u00e9 modlitb\u011b a \u010d\u00edst text sv. Al\u017eb\u011bty od Trojice, setk\u00e1n\u00ed zakon\u010d\u00edme ob\u011bdem. Pokud se chcete z\u00fa\u010dastnit, p\u0159ihla\u0161te se na karmelitky(zavin\u00e1\u010d)gmail.com, v p\u0159edm\u011btu [&hellip;]<\/p>\n","protected":false},"author":1,"featured_media":0,"comment_status":"open","ping_status":"open","sticky":false,"template":"","format":"standard","meta":{"footnotes":""},"categories":[4,7,3,6],"tags":[],"_links":{"self":[{"href":"https:\/\/www.cestanahoru.org\/index.php?rest_route=\/wp\/v2\/posts\/7637"}],"collection":[{"href":"https:\/\/www.cestanahoru.org\/index.php?rest_route=\/wp\/v2\/posts"}],"about":[{"href":"https:\/\/www.cestanahoru.org\/index.php?rest_route=\/wp\/v2\/types\/post"}],"author":[{"embeddable":true,"href":"https:\/\/www.cestanahoru.org\/index.php?rest_route=\/wp\/v2\/users\/1"}],"replies":[{"embeddable":true,"href":"https:\/\/www.cestanahoru.org\/index.php?rest_route=%2Fwp%2Fv2%2Fcomments&post=7637"}],"version-history":[{"count":5,"href":"https:\/\/www.cestanahoru.org\/index.php?rest_route=\/wp\/v2\/posts\/7637\/revisions"}],"predecessor-version":[{"id":7782,"href":"https:\/\/www.cestanahoru.org\/index.php?rest_route=\/wp\/v2\/posts\/7637\/revisions\/7782"}],"wp:attachment":[{"href":"https:\/\/www.cestanahoru.org\/index.php?rest_route=%2Fwp%2Fv2%2Fmedia&parent=7637"}],"wp:term":[{"taxonomy":"category","embeddable":true,"href":"https:\/\/www.cestanahoru.org\/index.php?rest_route=%2Fwp%2Fv2%2Fcategories&post=7637"},{"taxonomy":"post_tag","embeddable":true,"href":"https:\/\/www.cestanahoru.org\/index.php?rest_route=%2Fwp%2Fv2%2Ftags&post=7637"}],"curies":[{"name":"wp","href":"https:\/\/api.w.org\/{rel}","templated":true}]}}