{"id":8070,"date":"2026-01-08T16:46:22","date_gmt":"2026-01-08T15:46:22","guid":{"rendered":"https:\/\/www.cestanahoru.org\/?p=8070"},"modified":"2026-01-08T16:50:08","modified_gmt":"2026-01-08T15:50:08","slug":"8070","status":"publish","type":"post","link":"https:\/\/www.cestanahoru.org\/?p=8070","title":{"rendered":"Spiritualita Karmelu"},"content":{"rendered":"\n<div class=\"wp-block-media-text is-stacked-on-mobile\"><figure class=\"wp-block-media-text__media\"><img loading=\"lazy\" decoding=\"async\" width=\"1024\" height=\"683\" src=\"https:\/\/www.cestanahoru.org\/wp-content\/uploads\/Plakat-Spiritualita-Karmelu-1.2-1024x683.png\" alt=\"\" class=\"wp-image-8071 size-full\" srcset=\"https:\/\/www.cestanahoru.org\/wp-content\/uploads\/Plakat-Spiritualita-Karmelu-1.2-1024x683.png 1024w, https:\/\/www.cestanahoru.org\/wp-content\/uploads\/Plakat-Spiritualita-Karmelu-1.2-300x200.png 300w, https:\/\/www.cestanahoru.org\/wp-content\/uploads\/Plakat-Spiritualita-Karmelu-1.2-768x512.png 768w, https:\/\/www.cestanahoru.org\/wp-content\/uploads\/Plakat-Spiritualita-Karmelu-1.2-1536x1024.png 1536w, https:\/\/www.cestanahoru.org\/wp-content\/uploads\/Plakat-Spiritualita-Karmelu-1.2-2048x1365.png 2048w\" sizes=\"(max-width: 1024px) 100vw, 1024px\" \/><\/figure><div class=\"wp-block-media-text__content\">\n<p>Srde\u010dn\u011b zveme na setk\u00e1n\u00ed \u017een na Karmelu v ned\u011bli <strong>1. \u00fanora<\/strong> od 14:00 do cca 18:00. Budeme se v\u011bnovat tich\u00e9 modlitb\u011b, \u010d\u00edst, p\u0159em\u00fd\u0161let nad textem karmelit\u00e1nsk\u00e9 spirituality a otev\u0159eme prostor pro na\u010derp\u00e1n\u00ed sil do ka\u017edodenn\u00edho \u017eivota. Pokud se chcete z\u00fa\u010dastnit, p\u0159ihlaste se na karmelitky(zavin\u00e1\u010d)<a href=\"https:\/\/l.facebook.com\/l.php?u=https%3A%2F%2Fgmail.com%2F&amp;h=AT3LT5ekcnOZOFB8JH01eRIQzNyMxQsHhZesykMjmfRtRGuJvQhGBr-2OLp_yUSHtXObuFm_BiaC04IA99t11J_UEx5bWTl5dL7P69-Envgs6BwD82p6NAv3f8NeaGe9k0UmwiQ&amp;__tn__=q&amp;c[0]=AT3B93YghJbBehekFVVAD9Rs1gljVG989GME7-ym3QAPCf3gM8tleX7KP5gNVxx-MJuQUEpdd_TlIdnOotRP-P_UzCUOGE6vlYX1RuaQulqS0lpAhYfqtJX7T_bgytZ7ZM5bIqhC1GNf3PzP4EwqY6mqD24B3Ru0S5fSWg\" target=\"_blank\" rel=\"noreferrer noopener\">gmail.com<\/a>, v p\u0159edm\u011btu uve\u010fte \u201eSpiritualita Karmelu\u201c.<\/p>\n<\/div><\/div>\n","protected":false},"excerpt":{"rendered":"<p>Srde\u010dn\u011b zveme na setk\u00e1n\u00ed \u017een na Karmelu v ned\u011bli 1. \u00fanora od 14:00 do cca 18:00. Budeme se v\u011bnovat tich\u00e9 modlitb\u011b, \u010d\u00edst, p\u0159em\u00fd\u0161let nad textem karmelit\u00e1nsk\u00e9 spirituality a otev\u0159eme prostor pro na\u010derp\u00e1n\u00ed sil do ka\u017edodenn\u00edho \u017eivota. Pokud se chcete z\u00fa\u010dastnit, p\u0159ihlaste se na karmelitky(zavin\u00e1\u010d)gmail.com, v p\u0159edm\u011btu uve\u010fte \u201eSpiritualita Karmelu\u201c.<\/p>\n","protected":false},"author":1,"featured_media":0,"comment_status":"open","ping_status":"open","sticky":true,"template":"","format":"standard","meta":{"footnotes":""},"categories":[1],"tags":[],"_links":{"self":[{"href":"https:\/\/www.cestanahoru.org\/index.php?rest_route=\/wp\/v2\/posts\/8070"}],"collection":[{"href":"https:\/\/www.cestanahoru.org\/index.php?rest_route=\/wp\/v2\/posts"}],"about":[{"href":"https:\/\/www.cestanahoru.org\/index.php?rest_route=\/wp\/v2\/types\/post"}],"author":[{"embeddable":true,"href":"https:\/\/www.cestanahoru.org\/index.php?rest_route=\/wp\/v2\/users\/1"}],"replies":[{"embeddable":true,"href":"https:\/\/www.cestanahoru.org\/index.php?rest_route=%2Fwp%2Fv2%2Fcomments&post=8070"}],"version-history":[{"count":2,"href":"https:\/\/www.cestanahoru.org\/index.php?rest_route=\/wp\/v2\/posts\/8070\/revisions"}],"predecessor-version":[{"id":8074,"href":"https:\/\/www.cestanahoru.org\/index.php?rest_route=\/wp\/v2\/posts\/8070\/revisions\/8074"}],"wp:attachment":[{"href":"https:\/\/www.cestanahoru.org\/index.php?rest_route=%2Fwp%2Fv2%2Fmedia&parent=8070"}],"wp:term":[{"taxonomy":"category","embeddable":true,"href":"https:\/\/www.cestanahoru.org\/index.php?rest_route=%2Fwp%2Fv2%2Fcategories&post=8070"},{"taxonomy":"post_tag","embeddable":true,"href":"https:\/\/www.cestanahoru.org\/index.php?rest_route=%2Fwp%2Fv2%2Ftags&post=8070"}],"curies":[{"name":"wp","href":"https:\/\/api.w.org\/{rel}","templated":true}]}}