{"id":8078,"date":"2026-02-09T14:00:43","date_gmt":"2026-02-09T13:00:43","guid":{"rendered":"https:\/\/www.cestanahoru.org\/?p=8078"},"modified":"2026-02-09T14:01:16","modified_gmt":"2026-02-09T13:01:16","slug":"8078","status":"publish","type":"post","link":"https:\/\/www.cestanahoru.org\/?p=8078","title":{"rendered":"Spiritualita Karmelu"},"content":{"rendered":"\n<div class=\"wp-block-media-text is-stacked-on-mobile\"><figure class=\"wp-block-media-text__media\"><img loading=\"lazy\" decoding=\"async\" width=\"1024\" height=\"683\" src=\"https:\/\/www.cestanahoru.org\/wp-content\/uploads\/Spiritualita-karmelu-1.-3.26-1-1024x683.jpeg\" alt=\"\" class=\"wp-image-8079 size-full\" srcset=\"https:\/\/www.cestanahoru.org\/wp-content\/uploads\/Spiritualita-karmelu-1.-3.26-1-1024x683.jpeg 1024w, https:\/\/www.cestanahoru.org\/wp-content\/uploads\/Spiritualita-karmelu-1.-3.26-1-300x200.jpeg 300w, https:\/\/www.cestanahoru.org\/wp-content\/uploads\/Spiritualita-karmelu-1.-3.26-1-768x512.jpeg 768w, https:\/\/www.cestanahoru.org\/wp-content\/uploads\/Spiritualita-karmelu-1.-3.26-1-1536x1024.jpeg 1536w, https:\/\/www.cestanahoru.org\/wp-content\/uploads\/Spiritualita-karmelu-1.-3.26-1-2048x1365.jpeg 2048w\" sizes=\"(max-width: 1024px) 100vw, 1024px\" \/><\/figure><div class=\"wp-block-media-text__content\">\n<p>Srde\u010dn\u011b zveme na setk\u00e1n\u00ed \u017een na Karmelu v ned\u011bli <strong>1. b\u0159ezna <\/strong>od 14:00 do cca 18:00. Budeme se v\u011bnovat tich\u00e9 modlitb\u011b, \u010d\u00edst, p\u0159em\u00fd\u0161let nad textem karmelit\u00e1nsk\u00e9 spirituality a otev\u0159eme prostor pro na\u010derp\u00e1n\u00ed sil do ka\u017edodenn\u00edho \u017eivota. Pokud se chcete z\u00fa\u010dastnit, p\u0159ihlaste se na karmelitky(zavin\u00e1\u010d)<a href=\"https:\/\/l.facebook.com\/l.php?u=https%3A%2F%2Fgmail.com%2F&amp;h=AT3LT5ekcnOZOFB8JH01eRIQzNyMxQsHhZesykMjmfRtRGuJvQhGBr-2OLp_yUSHtXObuFm_BiaC04IA99t11J_UEx5bWTl5dL7P69-Envgs6BwD82p6NAv3f8NeaGe9k0UmwiQ&amp;__tn__=q&amp;c[0]=AT3B93YghJbBehekFVVAD9Rs1gljVG989GME7-ym3QAPCf3gM8tleX7KP5gNVxx-MJuQUEpdd_TlIdnOotRP-P_UzCUOGE6vlYX1RuaQulqS0lpAhYfqtJX7T_bgytZ7ZM5bIqhC1GNf3PzP4EwqY6mqD24B3Ru0S5fSWg\" target=\"_blank\" rel=\"noreferrer noopener\">gmail.com<\/a>, v p\u0159edm\u011btu uve\u010fte \u201eSpiritualita Karmelu\u201c.<\/p>\n<\/div><\/div>\n","protected":false},"excerpt":{"rendered":"<p>Srde\u010dn\u011b zveme na setk\u00e1n\u00ed \u017een na Karmelu v ned\u011bli 1. b\u0159ezna od 14:00 do cca 18:00. Budeme se v\u011bnovat tich\u00e9 modlitb\u011b, \u010d\u00edst, p\u0159em\u00fd\u0161let nad textem karmelit\u00e1nsk\u00e9 spirituality a otev\u0159eme prostor pro na\u010derp\u00e1n\u00ed sil do ka\u017edodenn\u00edho \u017eivota. Pokud se chcete z\u00fa\u010dastnit, p\u0159ihlaste se na karmelitky(zavin\u00e1\u010d)gmail.com, v p\u0159edm\u011btu uve\u010fte \u201eSpiritualita Karmelu\u201c.<\/p>\n","protected":false},"author":1,"featured_media":0,"comment_status":"open","ping_status":"open","sticky":true,"template":"","format":"standard","meta":{"footnotes":""},"categories":[4,6],"tags":[],"_links":{"self":[{"href":"https:\/\/www.cestanahoru.org\/index.php?rest_route=\/wp\/v2\/posts\/8078"}],"collection":[{"href":"https:\/\/www.cestanahoru.org\/index.php?rest_route=\/wp\/v2\/posts"}],"about":[{"href":"https:\/\/www.cestanahoru.org\/index.php?rest_route=\/wp\/v2\/types\/post"}],"author":[{"embeddable":true,"href":"https:\/\/www.cestanahoru.org\/index.php?rest_route=\/wp\/v2\/users\/1"}],"replies":[{"embeddable":true,"href":"https:\/\/www.cestanahoru.org\/index.php?rest_route=%2Fwp%2Fv2%2Fcomments&post=8078"}],"version-history":[{"count":2,"href":"https:\/\/www.cestanahoru.org\/index.php?rest_route=\/wp\/v2\/posts\/8078\/revisions"}],"predecessor-version":[{"id":8081,"href":"https:\/\/www.cestanahoru.org\/index.php?rest_route=\/wp\/v2\/posts\/8078\/revisions\/8081"}],"wp:attachment":[{"href":"https:\/\/www.cestanahoru.org\/index.php?rest_route=%2Fwp%2Fv2%2Fmedia&parent=8078"}],"wp:term":[{"taxonomy":"category","embeddable":true,"href":"https:\/\/www.cestanahoru.org\/index.php?rest_route=%2Fwp%2Fv2%2Fcategories&post=8078"},{"taxonomy":"post_tag","embeddable":true,"href":"https:\/\/www.cestanahoru.org\/index.php?rest_route=%2Fwp%2Fv2%2Ftags&post=8078"}],"curies":[{"name":"wp","href":"https:\/\/api.w.org\/{rel}","templated":true}]}}