{"id":8114,"date":"2026-04-28T15:41:30","date_gmt":"2026-04-28T13:41:30","guid":{"rendered":"https:\/\/www.cestanahoru.org\/?p=8114"},"modified":"2026-04-28T15:43:30","modified_gmt":"2026-04-28T13:43:30","slug":"8114","status":"publish","type":"post","link":"https:\/\/www.cestanahoru.org\/?p=8114","title":{"rendered":"V\u00fdro\u010d\u00ed bl. Terezie Marie od K\u0159\u00ed\u017ee"},"content":{"rendered":"\n<div class=\"wp-block-media-text is-stacked-on-mobile\"><figure class=\"wp-block-media-text__media\"><img loading=\"lazy\" decoding=\"async\" width=\"723\" height=\"1024\" src=\"https:\/\/www.cestanahoru.org\/wp-content\/uploads\/blahoslaven-matka-723x1024.png\" alt=\"\" class=\"wp-image-8115 size-full\" srcset=\"https:\/\/www.cestanahoru.org\/wp-content\/uploads\/blahoslaven-matka-723x1024.png 723w, https:\/\/www.cestanahoru.org\/wp-content\/uploads\/blahoslaven-matka-212x300.png 212w, https:\/\/www.cestanahoru.org\/wp-content\/uploads\/blahoslaven-matka-768x1087.png 768w, https:\/\/www.cestanahoru.org\/wp-content\/uploads\/blahoslaven-matka.png 1054w\" sizes=\"(max-width: 723px) 100vw, 723px\" \/><\/figure><div class=\"wp-block-media-text__content\">\n<p>Mil\u00ed p\u0159\u00e1tel\u00e9,<br>srde\u010dn\u011b v\u00e1s zveme na oslavu sv\u00e1tku na\u0161\u00ed zakladatelky, blahoslaven\u00e9 Terezie Marie od K\u0159\u00ed\u017ee \u2013 t\u00e9, d\u00edky kter\u00e9 tu dnes jako karmelit\u00e1nsk\u00e1 kongregace jsme.<\/p>\n\n\n\n<p>V pond\u011bl\u00ed <strong>4.kv\u011btna<\/strong> v 19 hodin se sejdeme p\u0159i eucharistii, kterou bude celebrovat Mirek Herold.<br>A mal\u00e1 radost nav\u00edc: budete moci pozdravit sestru Martu, kter\u00e1 je u n\u00e1s jen na p\u00e1r dn\u00ed, a pr\u00e1v\u011b pond\u011bl\u00ed je skv\u011bl\u00e1 p\u0159\u00edle\u017eitost ji zastihnout.<\/p>\n\n\n\n<p>Budeme r\u00e1dy, kdy\u017e p\u0159ijdete a budete u toho s n\u00e1mi. \u2728<\/p>\n<\/div><\/div>\n","protected":false},"excerpt":{"rendered":"<p>Mil\u00ed p\u0159\u00e1tel\u00e9,srde\u010dn\u011b v\u00e1s zveme na oslavu sv\u00e1tku na\u0161\u00ed zakladatelky, blahoslaven\u00e9 Terezie Marie od K\u0159\u00ed\u017ee \u2013 t\u00e9, d\u00edky kter\u00e9 tu dnes jako karmelit\u00e1nsk\u00e1 kongregace jsme. V pond\u011bl\u00ed 4.kv\u011btna v 19 hodin se sejdeme p\u0159i eucharistii, kterou bude celebrovat Mirek Herold.A mal\u00e1 radost nav\u00edc: budete moci pozdravit sestru Martu, kter\u00e1 je u n\u00e1s jen na p\u00e1r dn\u00ed, [&hellip;]<\/p>\n","protected":false},"author":1,"featured_media":0,"comment_status":"open","ping_status":"open","sticky":true,"template":"","format":"standard","meta":{"footnotes":""},"categories":[4,6],"tags":[],"_links":{"self":[{"href":"https:\/\/www.cestanahoru.org\/index.php?rest_route=\/wp\/v2\/posts\/8114"}],"collection":[{"href":"https:\/\/www.cestanahoru.org\/index.php?rest_route=\/wp\/v2\/posts"}],"about":[{"href":"https:\/\/www.cestanahoru.org\/index.php?rest_route=\/wp\/v2\/types\/post"}],"author":[{"embeddable":true,"href":"https:\/\/www.cestanahoru.org\/index.php?rest_route=\/wp\/v2\/users\/1"}],"replies":[{"embeddable":true,"href":"https:\/\/www.cestanahoru.org\/index.php?rest_route=%2Fwp%2Fv2%2Fcomments&post=8114"}],"version-history":[{"count":4,"href":"https:\/\/www.cestanahoru.org\/index.php?rest_route=\/wp\/v2\/posts\/8114\/revisions"}],"predecessor-version":[{"id":8119,"href":"https:\/\/www.cestanahoru.org\/index.php?rest_route=\/wp\/v2\/posts\/8114\/revisions\/8119"}],"wp:attachment":[{"href":"https:\/\/www.cestanahoru.org\/index.php?rest_route=%2Fwp%2Fv2%2Fmedia&parent=8114"}],"wp:term":[{"taxonomy":"category","embeddable":true,"href":"https:\/\/www.cestanahoru.org\/index.php?rest_route=%2Fwp%2Fv2%2Fcategories&post=8114"},{"taxonomy":"post_tag","embeddable":true,"href":"https:\/\/www.cestanahoru.org\/index.php?rest_route=%2Fwp%2Fv2%2Ftags&post=8114"}],"curies":[{"name":"wp","href":"https:\/\/api.w.org\/{rel}","templated":true}]}}